{"id":5523,"date":"2020-07-14T19:18:53","date_gmt":"2020-07-14T22:18:53","guid":{"rendered":"http:\/\/oasisfm935.com\/site\/?p=5523"},"modified":"2020-07-14T19:25:56","modified_gmt":"2020-07-14T22:25:56","slug":"otro-caso-de-coronavirus-ziliotto-llamo-a-aislarse-a-los-clientes-de-una-verduleria","status":"publish","type":"post","link":"https:\/\/oasisfm935.com.ar\/site\/otro-caso-de-coronavirus-ziliotto-llamo-a-aislarse-a-los-clientes-de-una-verduleria\/","title":{"rendered":"Otro caso de coronavirus: Ziliotto llam\u00f3 a aislarse a los clientes de una verduler\u00eda"},"content":{"rendered":"<p>El gobernador\u00a0<strong>Sergio Ra\u00fal Ziliotto<\/strong>\u00a0dijo este martes que<strong>\u00a0todos los clientes de una verduler\u00eda que funciona en 1\u00b0 de Mayo y La Rioja<\/strong>, donde la due\u00f1a dio positivo este mediodia de coronavirus, deben <strong>ya aislarse<\/strong>. \u201cNo es momento de desesperaci\u00f3n ni de caza de brujas\u201d, rog\u00f3. \u201cNo es momento de un linchamiento. Damos la direcci\u00f3n del local del comercio al solo efecto de prevenir m\u00e1s contagios. Es necesario identificar y focalizar\u201d, dijo.<\/p>\n<p>\u201cLos que concurrieron del 3 de julio a la fecha a ese comercio, lo primero que tienen que aislarse en su domicilio. Y llamar al 0800 \u2013 3331135 de Epidemiolog\u00eda para hacer un seguimiento\u201d, pidi\u00f3.<\/p>\n<p><strong>Por el momento, dijo, hay un total de 11 aislados<\/strong>. Entre ellos la mujer y su marido y su n\u00facleo familiar y social.<\/p>\n<p>El mandatario dio una\u00a0<strong>conferencia de prensa<\/strong>\u00a0a las 19 horas desde el Sal\u00f3n de Acuerdos de Casa de Gobierno, flanqueado por el ministro de Salud,<strong>\u00a0Mario<\/strong>\u00a0<strong>Rub\u00e9n Kohan<\/strong>; el ministro de Gobierno,<strong>\u00a0Daniel Pablo Bensus\u00e1n<\/strong>, y la directora de Epidemiolog\u00eda,<strong>\u00a0Ana Gabriela Bertone<\/strong>.<\/p>\n<div class=\"google-auto-placed ap_container\"><\/div>\n<p>\u201cComo corresponde, en estas circunstancias, se han activado todos los protocolos en virtud de la complejidad del caso\u201d, dijo Ziliotto.<\/p>\n<p><strong>\u201cLa contagiada es la mujer de un transportista, que viaj\u00f3 al Mercado Central. Los dos tienen un negocio de frutas y verduras. Dio positivo la mujer\u201d<\/strong>, sostuvo.<\/p>\n<p>El due\u00f1o de la verduler\u00eda tambi\u00e9n est\u00e1 aislado. Este mi\u00e9rcoles se sabr\u00e1 si tiene el virus. Pero se descarta que s\u00ed.<\/p>\n<p>\u201cLa confirmaci\u00f3n del caso positivo fue cerca del mediod\u00eda. Inmediatamente se dispararon los procedimientos de identificar y aislar los casos estrechos\u201d, expres\u00f3. Son casos estrechos de la vida laboral y social.<\/p>\n<div class=\"google-auto-placed ap_container\"><\/div>\n<p>\u201cPero tambi\u00e9n tenemos que ampliar la focalizaci\u00f3n. Porque al ser personas que tienen un negocio de atenci\u00f3n al p\u00fablico, es necesario focalizar los casos eventuales que podr\u00edan haberse contagiado\u201d, sostuvo.<\/p>\n<p>\u201cNecesitamos identificar \u2013agreg\u00f3- a las personas que han concurrido a ese negocio\u201d, sostuvo.<\/p>\n<p>\u201cLa intenci\u00f3n no es estigmatizar. Si no, para disparar la responsabilidad social y focalizar el contagio. El objetivo es que haya menos contagios posible\u201d, dijo.<\/p>\n<p>Este martes por la tarde se confirm\u00f3 un nuevo caso de coranavirus\u00a0 en la provincia. As\u00ed, ya registra ocho casos: cinco en Santa Rosa; dos en Realic\u00f3; y uno en Pico. Los siete primeros ya se recuperaron.<\/p>\n<p>Diario textual<\/p>\n<div class=\"oasis-despues-del-contenido\" id=\"oasis-1406805077\"><img loading=\"lazy\" decoding=\"async\" src=\"https:\/\/oasisfm935.com.ar\/site\/wp-content\/uploads\/2020\/08\/47806202-8741-49f2-a5c9-d2f930e5baa1.jpg\" alt=\"\"  srcset=\"https:\/\/oasisfm935.com.ar\/site\/wp-content\/uploads\/2020\/08\/47806202-8741-49f2-a5c9-d2f930e5baa1.jpg 1080w, https:\/\/oasisfm935.com.ar\/site\/wp-content\/uploads\/2020\/08\/47806202-8741-49f2-a5c9-d2f930e5baa1-300x300.jpg 300w, https:\/\/oasisfm935.com.ar\/site\/wp-content\/uploads\/2020\/08\/47806202-8741-49f2-a5c9-d2f930e5baa1-1024x1024.jpg 1024w, https:\/\/oasisfm935.com.ar\/site\/wp-content\/uploads\/2020\/08\/47806202-8741-49f2-a5c9-d2f930e5baa1-150x150.jpg 150w, https:\/\/oasisfm935.com.ar\/site\/wp-content\/uploads\/2020\/08\/47806202-8741-49f2-a5c9-d2f930e5baa1-768x768.jpg 768w\" sizes=\"(max-width: 1080px) 100vw, 1080px\" class=\"no-lazyload\" width=\"1080\" height=\"1080\"  style=\"display: inline-block;\" \/><\/div>","protected":false},"excerpt":{"rendered":"<p>El gobernador\u00a0Sergio Ra\u00fal Ziliotto\u00a0dijo este martes que\u00a0todos los clientes de una verduler\u00eda que funciona en 1\u00b0 de Mayo y La Rioja, donde<\/p>\n","protected":false},"author":4,"featured_media":5524,"comment_status":"closed","ping_status":"open","sticky":false,"template":"","format":"standard","meta":{"colormag_page_layout":"default_layout","footnotes":""},"categories":[2],"tags":[],"class_list":["post-5523","post","type-post","status-publish","format-standard","has-post-thumbnail","hentry","category-noticias"],"_links":{"self":[{"href":"https:\/\/oasisfm935.com.ar\/site\/wp-json\/wp\/v2\/posts\/5523","targetHints":{"allow":["GET"]}}],"collection":[{"href":"https:\/\/oasisfm935.com.ar\/site\/wp-json\/wp\/v2\/posts"}],"about":[{"href":"https:\/\/oasisfm935.com.ar\/site\/wp-json\/wp\/v2\/types\/post"}],"author":[{"embeddable":true,"href":"https:\/\/oasisfm935.com.ar\/site\/wp-json\/wp\/v2\/users\/4"}],"replies":[{"embeddable":true,"href":"https:\/\/oasisfm935.com.ar\/site\/wp-json\/wp\/v2\/comments?post=5523"}],"version-history":[{"count":4,"href":"https:\/\/oasisfm935.com.ar\/site\/wp-json\/wp\/v2\/posts\/5523\/revisions"}],"predecessor-version":[{"id":5528,"href":"https:\/\/oasisfm935.com.ar\/site\/wp-json\/wp\/v2\/posts\/5523\/revisions\/5528"}],"wp:featuredmedia":[{"embeddable":true,"href":"https:\/\/oasisfm935.com.ar\/site\/wp-json\/wp\/v2\/media\/5524"}],"wp:attachment":[{"href":"https:\/\/oasisfm935.com.ar\/site\/wp-json\/wp\/v2\/media?parent=5523"}],"wp:term":[{"taxonomy":"category","embeddable":true,"href":"https:\/\/oasisfm935.com.ar\/site\/wp-json\/wp\/v2\/categories?post=5523"},{"taxonomy":"post_tag","embeddable":true,"href":"https:\/\/oasisfm935.com.ar\/site\/wp-json\/wp\/v2\/tags?post=5523"}],"curies":[{"name":"wp","href":"https:\/\/api.w.org\/{rel}","templated":true}]}}