{"id":5544,"date":"2020-07-15T19:36:27","date_gmt":"2020-07-15T22:36:27","guid":{"rendered":"http:\/\/oasisfm935.com\/site\/?p=5544"},"modified":"2020-07-15T19:36:56","modified_gmt":"2020-07-15T22:36:56","slug":"ingeniero-luiggi-patricia-lavin-y-el-equipo-de-administracion-escolar-recorrieron-las-escuelas-proyectando-el-regreso-a-clases","status":"publish","type":"post","link":"https:\/\/oasisfm935.com.ar\/site\/ingeniero-luiggi-patricia-lavin-y-el-equipo-de-administracion-escolar-recorrieron-las-escuelas-proyectando-el-regreso-a-clases\/","title":{"rendered":"Ingeniero Luiggi: Patricia Lavin y el equipo de Administraci\u00f3n Escolar recorrieron las escuelas proyectando el regreso a clases"},"content":{"rendered":"<p>La intendenta de \u00a0Ingeniero Luiggi Patricia Lavin junto a la Coordinadora de \u00c1rea II Zona II Marisa Sarria, y el Equipo de la Direcci\u00f3n de Administraci\u00f3n Escolar Provincial a cargo de Miguel D\u00edaz recorrieron las escuelas primarias de la localidad.<\/p>\n<p>El objetivo fue \u00a0aunar criterios epidemiol\u00f3gicos en los edificios, proyectando el regreso a clase.<\/p>\n<p><img decoding=\"async\" src=\"https:\/\/zonalnoticias.com\/wp-content\/uploads\/2020\/07\/regreso-a-clases-luiggi-reccc-1.jpg\" \/><\/p>\n<p>Desde el municipio destacaron que\u00a0<strong>\u00abestas acciones en conjunto permiten el buen desarrollo en las decisiones a tomar\u201d.<\/strong><\/p>\n<p><img decoding=\"async\" src=\"https:\/\/zonalnoticias.com\/wp-content\/uploads\/2020\/07\/regreso-a-clases-luiggi-3.jpg\" \/><\/p>\n<p>En la visita de las autoridades provinciales se evalu\u00f3 las caracter\u00edsticas de los edificios y las medidas que se deber\u00e1n adoptar para garantizar el distanciamiento social y la seguridad de docentes y alumnos en este contexto.<\/p>\n<p><strong>Por lo pronto el regreso a las aulas no tiene una fecha definida<\/strong>,<strong>\u00a0si bien a nivel nacional las provincias consensuaron un protocolo con el Ministerio de Educaci\u00f3n de la Naci\u00f3n.<\/strong><\/p>\n<p>Recordemos que el Ministerio de Educaci\u00f3n de La Pampa inform\u00f3 que\u00a0<strong>tras el receso invernal (vacaciones de julio del 9 al 24 de este mes), se continuar\u00e1 trabajando con la misma modalidad que se est\u00e1 llevando a cabo desde que se suspendieron las clases con motivo de la pandemia.<\/strong><\/p>\n<p>Adem\u00e1s comunicaron que\u00a0<strong>la decisi\u00f3n de la fecha del regreso a clases ser\u00e1 tomada en el momento en que la situaci\u00f3n epidemiol\u00f3gica lo permita de manera conjunta con el Ministerio de Salud de la Provincia<\/strong>, a fin de adoptar todas las medidas de salud necesarias y garantizar un retorno seguro a los establecimientos educativos.<\/p>\n<p><strong>El mes de agosto ser\u00e1 de planificaci\u00f3n y organizaci\u00f3n institucional<\/strong>\u00a0para dar continuidad al proceso de ense\u00f1anza aprendizaje que se est\u00e1 llevando a cabo desde sus hogares y articularlo paulatinamente con el regreso a la presencialidad.<\/p>\n<p>fuente: zonal noticias<\/p>\n<div class=\"oasis-despues-del-contenido\" id=\"oasis-2399829971\"><img loading=\"lazy\" decoding=\"async\" src=\"https:\/\/oasisfm935.com.ar\/site\/wp-content\/uploads\/2020\/08\/47806202-8741-49f2-a5c9-d2f930e5baa1.jpg\" alt=\"\"  srcset=\"https:\/\/oasisfm935.com.ar\/site\/wp-content\/uploads\/2020\/08\/47806202-8741-49f2-a5c9-d2f930e5baa1.jpg 1080w, https:\/\/oasisfm935.com.ar\/site\/wp-content\/uploads\/2020\/08\/47806202-8741-49f2-a5c9-d2f930e5baa1-300x300.jpg 300w, https:\/\/oasisfm935.com.ar\/site\/wp-content\/uploads\/2020\/08\/47806202-8741-49f2-a5c9-d2f930e5baa1-1024x1024.jpg 1024w, https:\/\/oasisfm935.com.ar\/site\/wp-content\/uploads\/2020\/08\/47806202-8741-49f2-a5c9-d2f930e5baa1-150x150.jpg 150w, https:\/\/oasisfm935.com.ar\/site\/wp-content\/uploads\/2020\/08\/47806202-8741-49f2-a5c9-d2f930e5baa1-768x768.jpg 768w\" sizes=\"(max-width: 1080px) 100vw, 1080px\" class=\"no-lazyload\" width=\"1080\" height=\"1080\"  style=\"display: inline-block;\" \/><\/div>","protected":false},"excerpt":{"rendered":"<p>La intendenta de \u00a0Ingeniero Luiggi Patricia Lavin junto a la Coordinadora de \u00c1rea II Zona II Marisa Sarria, y el Equipo de<\/p>\n","protected":false},"author":4,"featured_media":5545,"comment_status":"closed","ping_status":"open","sticky":false,"template":"","format":"standard","meta":{"colormag_page_layout":"default_layout","footnotes":""},"categories":[2],"tags":[],"class_list":["post-5544","post","type-post","status-publish","format-standard","has-post-thumbnail","hentry","category-noticias"],"_links":{"self":[{"href":"https:\/\/oasisfm935.com.ar\/site\/wp-json\/wp\/v2\/posts\/5544","targetHints":{"allow":["GET"]}}],"collection":[{"href":"https:\/\/oasisfm935.com.ar\/site\/wp-json\/wp\/v2\/posts"}],"about":[{"href":"https:\/\/oasisfm935.com.ar\/site\/wp-json\/wp\/v2\/types\/post"}],"author":[{"embeddable":true,"href":"https:\/\/oasisfm935.com.ar\/site\/wp-json\/wp\/v2\/users\/4"}],"replies":[{"embeddable":true,"href":"https:\/\/oasisfm935.com.ar\/site\/wp-json\/wp\/v2\/comments?post=5544"}],"version-history":[{"count":2,"href":"https:\/\/oasisfm935.com.ar\/site\/wp-json\/wp\/v2\/posts\/5544\/revisions"}],"predecessor-version":[{"id":5547,"href":"https:\/\/oasisfm935.com.ar\/site\/wp-json\/wp\/v2\/posts\/5544\/revisions\/5547"}],"wp:featuredmedia":[{"embeddable":true,"href":"https:\/\/oasisfm935.com.ar\/site\/wp-json\/wp\/v2\/media\/5545"}],"wp:attachment":[{"href":"https:\/\/oasisfm935.com.ar\/site\/wp-json\/wp\/v2\/media?parent=5544"}],"wp:term":[{"taxonomy":"category","embeddable":true,"href":"https:\/\/oasisfm935.com.ar\/site\/wp-json\/wp\/v2\/categories?post=5544"},{"taxonomy":"post_tag","embeddable":true,"href":"https:\/\/oasisfm935.com.ar\/site\/wp-json\/wp\/v2\/tags?post=5544"}],"curies":[{"name":"wp","href":"https:\/\/api.w.org\/{rel}","templated":true}]}}