{"id":5548,"date":"2020-07-16T12:20:07","date_gmt":"2020-07-16T15:20:07","guid":{"rendered":"http:\/\/oasisfm935.com\/site\/?p=5548"},"modified":"2020-07-16T12:20:07","modified_gmt":"2020-07-16T15:20:07","slug":"el-gobierno-nacional-activo-creditos-para-empresas-pampeanas","status":"publish","type":"post","link":"https:\/\/oasisfm935.com.ar\/site\/el-gobierno-nacional-activo-creditos-para-empresas-pampeanas\/","title":{"rendered":"El Gobierno Nacional activ\u00f3 cr\u00e9ditos para empresas pampeanas"},"content":{"rendered":"<p><strong>Un total de 730\u00a0<\/strong><strong>micro y peque\u00f1as empresas<\/strong>\u00a0de La Pampa est\u00e1n en condiciones de acceder a las dos nuevas l\u00edneas implementadas. Los montos a otorgar van desde los\u00a0<strong>250 a los 500 mil pesos<\/strong>\u00a0y el plazo de devoluci\u00f3n es de doce meses con tres de gracia.<\/p>\n<p>Las operatorias incorporadas corresponden al programa PyMEs Plus que el Gobierno Nacional instrumenta a trav\u00e9s del ministerio de Desarrollo Productivo.<\/p>\n<p>El gobernador Sergio Ziliotto destac\u00f3\u00a0<strong>\u00abel acompa\u00f1amiento a todos los que componen el entramado productivo del pa\u00eds\u00bb<\/strong>\u00a0y valor\u00f3 que\u00a0<strong>\u00abLa Pampa hoy cuenta con el respaldo de un gobierno nacional que apuesta a la producci\u00f3n y el trabajo como las herramientas fundamentales para poner a la Argentina de pie\u201d<\/strong>.<\/p>\n<p>PyMEes Plus estar\u00e1 disponible para 730 micro y peque\u00f1as empresas pampeanas con una tasa del 24 %. Para implementar estas operatorias en todo el pa\u00eds,\u00a0<strong>el gobierno de Alberto Fern\u00e1ndez dispuso invertir un total de 38 millones de pesos<\/strong>.<\/p>\n<p>Bajo la premisa de fomentar la \u201cinclusi\u00f3n financiera\u201d, se resolvi\u00f3 asignar montos de hasta 250 mil pesos para microempresas y de 500 mil pesos para peque\u00f1as empresas, de acuerdo a la clasificaci\u00f3n que surge de la secretar\u00eda de la Peque\u00f1a y Mediana y de los Emprendedores.<\/p>\n<p>\u201cEs muy importante que hoy podamos coordinar acciones con el gobierno nacional para llegar con asistencia financiera a todos los sectores econ\u00f3micos\u201d, enfatiz\u00f3 el gobernador pampeano, al tiempo que acentu\u00f3 la necesidad de \u00abavanzar en la complementaci\u00f3n entre el sector p\u00fablico y el sector privado para motorizar el sistema productivo\u201d.<\/p>\n<p>Los cr\u00e9ditos que se otorgan cuentan con un plazo de devoluci\u00f3n de doce meses con tres de gracia para el pago de inter\u00e9s y capital.<\/p>\n<p><strong>Requisitos de acceso<\/strong><\/p>\n<p>Quienes pretendan acceder a alguna de las dos l\u00edneas de cr\u00e9dito deber\u00e1n chequear previamente si son potenciales beneficiarios y que entidad bancaria les corresponde en la web\u00a0<a href=\"https:\/\/pymeplus.produccion.gob.ar\/\">https:\/\/pymeplus.produccion.gob.ar<\/a>\u00a0donde solo ser\u00e1 necesario acreditar el n\u00famero de CUIT. Las empresas deber\u00e1n contar con el certificado de MiPyME.<\/p>\n<p>Los interesados en recabar mayor informaci\u00f3n podr\u00e1n hacerlo accediendo al sitio\u00a0<a href=\"https:\/\/www.argentina.gob.ar\/producccion\/medidas-pymes.covid#22\">https:\/\/www.argentina.gob.ar\/producccion\/medidas-pymes.covid#22<\/a><\/p>\n<div class=\"oasis-despues-del-contenido\" id=\"oasis-1620152229\"><img loading=\"lazy\" decoding=\"async\" src=\"https:\/\/oasisfm935.com.ar\/site\/wp-content\/uploads\/2020\/08\/47806202-8741-49f2-a5c9-d2f930e5baa1.jpg\" alt=\"\"  srcset=\"https:\/\/oasisfm935.com.ar\/site\/wp-content\/uploads\/2020\/08\/47806202-8741-49f2-a5c9-d2f930e5baa1.jpg 1080w, https:\/\/oasisfm935.com.ar\/site\/wp-content\/uploads\/2020\/08\/47806202-8741-49f2-a5c9-d2f930e5baa1-300x300.jpg 300w, https:\/\/oasisfm935.com.ar\/site\/wp-content\/uploads\/2020\/08\/47806202-8741-49f2-a5c9-d2f930e5baa1-1024x1024.jpg 1024w, https:\/\/oasisfm935.com.ar\/site\/wp-content\/uploads\/2020\/08\/47806202-8741-49f2-a5c9-d2f930e5baa1-150x150.jpg 150w, https:\/\/oasisfm935.com.ar\/site\/wp-content\/uploads\/2020\/08\/47806202-8741-49f2-a5c9-d2f930e5baa1-768x768.jpg 768w\" sizes=\"(max-width: 1080px) 100vw, 1080px\" class=\"no-lazyload\" width=\"1080\" height=\"1080\"  style=\"display: inline-block;\" \/><\/div>","protected":false},"excerpt":{"rendered":"<p>Un total de 730\u00a0micro y peque\u00f1as empresas\u00a0de La Pampa est\u00e1n en condiciones de acceder a las dos nuevas l\u00edneas implementadas. Los montos<\/p>\n","protected":false},"author":4,"featured_media":5008,"comment_status":"closed","ping_status":"open","sticky":false,"template":"","format":"standard","meta":{"colormag_page_layout":"default_layout","footnotes":""},"categories":[2],"tags":[],"class_list":["post-5548","post","type-post","status-publish","format-standard","has-post-thumbnail","hentry","category-noticias"],"_links":{"self":[{"href":"https:\/\/oasisfm935.com.ar\/site\/wp-json\/wp\/v2\/posts\/5548","targetHints":{"allow":["GET"]}}],"collection":[{"href":"https:\/\/oasisfm935.com.ar\/site\/wp-json\/wp\/v2\/posts"}],"about":[{"href":"https:\/\/oasisfm935.com.ar\/site\/wp-json\/wp\/v2\/types\/post"}],"author":[{"embeddable":true,"href":"https:\/\/oasisfm935.com.ar\/site\/wp-json\/wp\/v2\/users\/4"}],"replies":[{"embeddable":true,"href":"https:\/\/oasisfm935.com.ar\/site\/wp-json\/wp\/v2\/comments?post=5548"}],"version-history":[{"count":1,"href":"https:\/\/oasisfm935.com.ar\/site\/wp-json\/wp\/v2\/posts\/5548\/revisions"}],"predecessor-version":[{"id":5549,"href":"https:\/\/oasisfm935.com.ar\/site\/wp-json\/wp\/v2\/posts\/5548\/revisions\/5549"}],"wp:featuredmedia":[{"embeddable":true,"href":"https:\/\/oasisfm935.com.ar\/site\/wp-json\/wp\/v2\/media\/5008"}],"wp:attachment":[{"href":"https:\/\/oasisfm935.com.ar\/site\/wp-json\/wp\/v2\/media?parent=5548"}],"wp:term":[{"taxonomy":"category","embeddable":true,"href":"https:\/\/oasisfm935.com.ar\/site\/wp-json\/wp\/v2\/categories?post=5548"},{"taxonomy":"post_tag","embeddable":true,"href":"https:\/\/oasisfm935.com.ar\/site\/wp-json\/wp\/v2\/tags?post=5548"}],"curies":[{"name":"wp","href":"https:\/\/api.w.org\/{rel}","templated":true}]}}