{"id":5550,"date":"2020-07-16T13:08:56","date_gmt":"2020-07-16T16:08:56","guid":{"rendered":"http:\/\/oasisfm935.com\/site\/?p=5550"},"modified":"2020-07-16T13:08:56","modified_gmt":"2020-07-16T16:08:56","slug":"ingeniero-luiggi-se-viene-la-feria-virtual-dia-del-amigo","status":"publish","type":"post","link":"https:\/\/oasisfm935.com.ar\/site\/ingeniero-luiggi-se-viene-la-feria-virtual-dia-del-amigo\/","title":{"rendered":"Ingeniero Luiggi: Se viene la Feria Virtual \u00abD\u00eda del Amigo\u00bb"},"content":{"rendered":"<p>La Secretar\u00eda de Cultura del Municipio de Ingeniero Luiggi est\u00e1 organizando la segunda Feria Virtual. La primera se realiz\u00f3 para el D\u00eda del Padre, y ahora se lleva adelante para el D\u00eda del Amigo, con el fin de que de los emprendedores locales puedan exhibir y poner a la venta sus productos enforma virtual.<\/p>\n<p><strong>La Referente de Cultura de Ingeniero Luiggi Norma Testa\u00a0<\/strong>coment\u00f3 que este proyecto de la<strong>\u00a0Feria Virtual\u00a0<\/strong>\u00ablo iniciamos ya para el D\u00eda del Padre, es una nueva modalidad que hemos adoptado en este contexto de pandemia que se vive por el Covid-19 y que permitime visibilizar los productos que realizan nuestros artesanos\u00bb.<\/p>\n<p>En di\u00e1logo con\u00a0<strong>Zonal Noticias,<\/strong>\u00a0Testa explic\u00f3 que \u00abde la misma manera que hicimos para el 20 de julio, ahora para el D\u00eda del Amigo, nuevamente convocamos a los emprendedores y emprendedoras de la localidad para que promuevan los productos que elaboran y nosotros lo difundimos en la p\u00e1gina del Gobierno municipal\u00bb.<\/p>\n<p>\u00ab<strong>De esta manera aquellas personas que quieran adquirir un producto, puedan tener los datos necesarios desde la p\u00e1gina y as\u00ed se puedan cantactar con el emprendedor o emprendedora\u00bb<\/strong>, indic\u00f3.<\/p>\n<p>La referente de Cultura indic\u00f3 que en la primera muestra virtual del D\u00eda del Padre hubo una buena repercusi\u00f3n y para esta segunda, se sumaron m\u00e1s emprendedores a mostrar sus productos.<\/p>\n<p>\u00abEs un espacio que brindamos para que los luiggenses puedan conocer todo lo que se produce en la localidad y abrir la posibilidad a que los productores puedan exhibir y poner a la venta sus productos\u00bb, se\u00f1al\u00f3 Testa.<\/p>\n<p>Coment\u00f3 que \u00ab<strong>hasta ahora hay unos 15 emprendedores que ya mandaron sus productos y algunos m\u00e1s que se sumaron en estos \u00faltimos d\u00edas.\u00bb<\/strong><\/p>\n<p>\u00ab<strong>Tenemos todo tipo de productos, quienes hacen pasteler\u00eda, bomboner\u00eda, bijouterie, cosm\u00e9tica, velas aron\u00e1ticas, adornos, pinturas,<\/strong>\u00a0entre otros\u00bb, explic\u00f3.<\/p>\n<p>\u00abLos invitamos a que visiten la p\u00e1gina del gobierno municipal, all\u00ed est\u00e1n los datos de los emprendedores con quienes se pueden contactar para adquirir alg\u00fan producto para regalar en este D\u00eda del Amigo\u00bb, concluy\u00f3.<\/p>\n<div class=\"oasis-despues-del-contenido\" id=\"oasis-3228323389\"><img loading=\"lazy\" decoding=\"async\" src=\"https:\/\/oasisfm935.com.ar\/site\/wp-content\/uploads\/2020\/08\/47806202-8741-49f2-a5c9-d2f930e5baa1.jpg\" alt=\"\"  srcset=\"https:\/\/oasisfm935.com.ar\/site\/wp-content\/uploads\/2020\/08\/47806202-8741-49f2-a5c9-d2f930e5baa1.jpg 1080w, https:\/\/oasisfm935.com.ar\/site\/wp-content\/uploads\/2020\/08\/47806202-8741-49f2-a5c9-d2f930e5baa1-300x300.jpg 300w, https:\/\/oasisfm935.com.ar\/site\/wp-content\/uploads\/2020\/08\/47806202-8741-49f2-a5c9-d2f930e5baa1-1024x1024.jpg 1024w, https:\/\/oasisfm935.com.ar\/site\/wp-content\/uploads\/2020\/08\/47806202-8741-49f2-a5c9-d2f930e5baa1-150x150.jpg 150w, https:\/\/oasisfm935.com.ar\/site\/wp-content\/uploads\/2020\/08\/47806202-8741-49f2-a5c9-d2f930e5baa1-768x768.jpg 768w\" sizes=\"(max-width: 1080px) 100vw, 1080px\" class=\"no-lazyload\" width=\"1080\" height=\"1080\"  style=\"display: inline-block;\" \/><\/div>","protected":false},"excerpt":{"rendered":"<p>La Secretar\u00eda de Cultura del Municipio de Ingeniero Luiggi est\u00e1 organizando la segunda Feria Virtual. La primera se realiz\u00f3 para el D\u00eda<\/p>\n","protected":false},"author":4,"featured_media":5551,"comment_status":"closed","ping_status":"open","sticky":false,"template":"","format":"standard","meta":{"colormag_page_layout":"default_layout","footnotes":""},"categories":[2],"tags":[],"class_list":["post-5550","post","type-post","status-publish","format-standard","has-post-thumbnail","hentry","category-noticias"],"_links":{"self":[{"href":"https:\/\/oasisfm935.com.ar\/site\/wp-json\/wp\/v2\/posts\/5550","targetHints":{"allow":["GET"]}}],"collection":[{"href":"https:\/\/oasisfm935.com.ar\/site\/wp-json\/wp\/v2\/posts"}],"about":[{"href":"https:\/\/oasisfm935.com.ar\/site\/wp-json\/wp\/v2\/types\/post"}],"author":[{"embeddable":true,"href":"https:\/\/oasisfm935.com.ar\/site\/wp-json\/wp\/v2\/users\/4"}],"replies":[{"embeddable":true,"href":"https:\/\/oasisfm935.com.ar\/site\/wp-json\/wp\/v2\/comments?post=5550"}],"version-history":[{"count":2,"href":"https:\/\/oasisfm935.com.ar\/site\/wp-json\/wp\/v2\/posts\/5550\/revisions"}],"predecessor-version":[{"id":5558,"href":"https:\/\/oasisfm935.com.ar\/site\/wp-json\/wp\/v2\/posts\/5550\/revisions\/5558"}],"wp:featuredmedia":[{"embeddable":true,"href":"https:\/\/oasisfm935.com.ar\/site\/wp-json\/wp\/v2\/media\/5551"}],"wp:attachment":[{"href":"https:\/\/oasisfm935.com.ar\/site\/wp-json\/wp\/v2\/media?parent=5550"}],"wp:term":[{"taxonomy":"category","embeddable":true,"href":"https:\/\/oasisfm935.com.ar\/site\/wp-json\/wp\/v2\/categories?post=5550"},{"taxonomy":"post_tag","embeddable":true,"href":"https:\/\/oasisfm935.com.ar\/site\/wp-json\/wp\/v2\/tags?post=5550"}],"curies":[{"name":"wp","href":"https:\/\/api.w.org\/{rel}","templated":true}]}}