{"id":5553,"date":"2020-07-16T14:46:01","date_gmt":"2020-07-16T17:46:01","guid":{"rendered":"http:\/\/oasisfm935.com\/site\/?p=5553"},"modified":"2020-07-16T14:46:01","modified_gmt":"2020-07-16T17:46:01","slug":"historico-fallo-la-corte-establecio-un-caudal-minimo-de-32-m3-s-del-atuel","status":"publish","type":"post","link":"https:\/\/oasisfm935.com.ar\/site\/historico-fallo-la-corte-establecio-un-caudal-minimo-de-32-m3-s-del-atuel\/","title":{"rendered":"Hist\u00f3rico fallo: la Corte estableci\u00f3 un caudal m\u00ednimo de 3,2 m3\/s del Atuel"},"content":{"rendered":"<p>&nbsp;<\/p>\n<p><strong>La Pampa puede empezar a recuperar el r\u00edo robado.<\/strong>\u00a0El gobernador\u00a0<strong>Sergio Ziliotto<\/strong>\u00a0anunci\u00f3 hoy que la Corte Suprema de Justicia de la Naci\u00f3n fij\u00f3 que Mendoza debe garantizar un caudal inicial m\u00ednimo permanente de 3,2m3\/s en el ingreso del r\u00edo Atuel a La Pampa.<\/p>\n<p>\u00abEn paso trascendental para recuperar nuestro r\u00edo Atuel\u201d, tuite\u00f3. Adem\u00e1s, adelant\u00f3 que la Corte \u201cordena acciones y obras, a determinar en 90 d\u00edas, para garantizar dicha escorrent\u00eda. Caso contrario, la CSJN resolver\u00e1\u201d.<\/p>\n<div class=\"g g-2\">\n<div class=\"g-single a-8\">\nTambi\u00e9n, <strong>la Corte inst\u00f3 a crear el organismo de cuenca que se denominar\u00e1 la Comisi\u00f3n Interjurisdiccional del R\u00edo Atuel (CIRA).<\/strong><\/div>\n<\/div>\n<div class=\"twitter-tweet twitter-tweet-rendered\"><\/div>\n<p>\u201cEl m\u00e1ximo Tribunal reconoce el da\u00f1o ambiental, elemento clave de nuestro reclamo. Logro de la sociedad pampeana y de la perseverancia de sus dirigentes\u00bb, finaliz\u00f3.<\/p>\n<p>&nbsp;<\/p>\n<div class=\"oasis-despues-del-contenido\" id=\"oasis-2792444047\"><img loading=\"lazy\" decoding=\"async\" src=\"https:\/\/oasisfm935.com.ar\/site\/wp-content\/uploads\/2020\/08\/47806202-8741-49f2-a5c9-d2f930e5baa1.jpg\" alt=\"\"  srcset=\"https:\/\/oasisfm935.com.ar\/site\/wp-content\/uploads\/2020\/08\/47806202-8741-49f2-a5c9-d2f930e5baa1.jpg 1080w, https:\/\/oasisfm935.com.ar\/site\/wp-content\/uploads\/2020\/08\/47806202-8741-49f2-a5c9-d2f930e5baa1-300x300.jpg 300w, https:\/\/oasisfm935.com.ar\/site\/wp-content\/uploads\/2020\/08\/47806202-8741-49f2-a5c9-d2f930e5baa1-1024x1024.jpg 1024w, https:\/\/oasisfm935.com.ar\/site\/wp-content\/uploads\/2020\/08\/47806202-8741-49f2-a5c9-d2f930e5baa1-150x150.jpg 150w, https:\/\/oasisfm935.com.ar\/site\/wp-content\/uploads\/2020\/08\/47806202-8741-49f2-a5c9-d2f930e5baa1-768x768.jpg 768w\" sizes=\"(max-width: 1080px) 100vw, 1080px\" class=\"no-lazyload\" width=\"1080\" height=\"1080\"  style=\"display: inline-block;\" \/><\/div>","protected":false},"excerpt":{"rendered":"<p>&nbsp; La Pampa puede empezar a recuperar el r\u00edo robado.\u00a0El gobernador\u00a0Sergio Ziliotto\u00a0anunci\u00f3 hoy que la Corte Suprema de Justicia de la Naci\u00f3n<\/p>\n","protected":false},"author":4,"featured_media":5554,"comment_status":"closed","ping_status":"open","sticky":false,"template":"","format":"standard","meta":{"colormag_page_layout":"default_layout","footnotes":""},"categories":[2],"tags":[],"class_list":["post-5553","post","type-post","status-publish","format-standard","has-post-thumbnail","hentry","category-noticias"],"_links":{"self":[{"href":"https:\/\/oasisfm935.com.ar\/site\/wp-json\/wp\/v2\/posts\/5553","targetHints":{"allow":["GET"]}}],"collection":[{"href":"https:\/\/oasisfm935.com.ar\/site\/wp-json\/wp\/v2\/posts"}],"about":[{"href":"https:\/\/oasisfm935.com.ar\/site\/wp-json\/wp\/v2\/types\/post"}],"author":[{"embeddable":true,"href":"https:\/\/oasisfm935.com.ar\/site\/wp-json\/wp\/v2\/users\/4"}],"replies":[{"embeddable":true,"href":"https:\/\/oasisfm935.com.ar\/site\/wp-json\/wp\/v2\/comments?post=5553"}],"version-history":[{"count":1,"href":"https:\/\/oasisfm935.com.ar\/site\/wp-json\/wp\/v2\/posts\/5553\/revisions"}],"predecessor-version":[{"id":5555,"href":"https:\/\/oasisfm935.com.ar\/site\/wp-json\/wp\/v2\/posts\/5553\/revisions\/5555"}],"wp:featuredmedia":[{"embeddable":true,"href":"https:\/\/oasisfm935.com.ar\/site\/wp-json\/wp\/v2\/media\/5554"}],"wp:attachment":[{"href":"https:\/\/oasisfm935.com.ar\/site\/wp-json\/wp\/v2\/media?parent=5553"}],"wp:term":[{"taxonomy":"category","embeddable":true,"href":"https:\/\/oasisfm935.com.ar\/site\/wp-json\/wp\/v2\/categories?post=5553"},{"taxonomy":"post_tag","embeddable":true,"href":"https:\/\/oasisfm935.com.ar\/site\/wp-json\/wp\/v2\/tags?post=5553"}],"curies":[{"name":"wp","href":"https:\/\/api.w.org\/{rel}","templated":true}]}}