{"id":5560,"date":"2020-07-16T20:08:48","date_gmt":"2020-07-16T23:08:48","guid":{"rendered":"http:\/\/oasisfm935.com\/site\/?p=5560"},"modified":"2020-07-16T20:08:48","modified_gmt":"2020-07-16T23:08:48","slug":"ziliotto-luego-del-historico-fallo-de-la-corte-reclamo-que-mendoza-largue-ya-el-agua","status":"publish","type":"post","link":"https:\/\/oasisfm935.com.ar\/site\/ziliotto-luego-del-historico-fallo-de-la-corte-reclamo-que-mendoza-largue-ya-el-agua\/","title":{"rendered":"Ziliotto, luego del hist\u00f3rico fallo de la Corte, reclam\u00f3 que Mendoza largue ya el agua"},"content":{"rendered":"<p><strong>\u201cMendoza ya debe soltar el agua\u201d<\/strong>. El gobernador\u00a0<strong>Sergio Ziliotto<\/strong>\u00a0as\u00ed lo pidi\u00f3 horas despu\u00e9s del<a href=\"http:\/\/diariotextual.com\/inicio\/index.php\/2020\/07\/16\/historico-fallo-la-corte-establecio-caudal-minimo-32-m3-s-del-atuel\/\" target=\"_blank\" rel=\"noopener noreferrer\"><strong>\u00a0fallo hist\u00f3rico de la Corte Suprema de Justicia de la Naci\u00f3n<\/strong><\/a>, que estableci\u00f3 que<strong>\u00a0al menos deben llegar en forma inicial unos 3,2 m3\/s<\/strong>\u00a0de agua del r\u00edo\u00a0<strong>Atuel<\/strong>\u00a0en el oeste de La Pampa.<\/p>\n<p>De esta manera, el gobernador dijo que, como se trata de un fallo ambiental, no se deben esperar obras para que empiece a correr el Atuel por La Pampa. Precisamente un argumento contrapuesto a la posici\u00f3n de Mendoza.<\/p>\n<p>Con este fallo, se empieza a terminar con un robo de un r\u00edo que lleva ya 70 a\u00f1os.\u00a0<strong>\u201cMucho se va a hablar si el caudal establecido es mucho o poco. Es una meta interina. Es para empezar, como dice el fallo de la Corte\u201d<\/strong>, avis\u00f3 Ziliotto, en una conferencia de prensa, desde el Sal\u00f3n de Acuerdos de la Casa de Gobierno.<\/p>\n<p>\u201cEste paso tan trascendental que damos con el fallo es algo que nos tiene que enorgullecernos a todos por igual. Pasaron m\u00e1s de 70 a\u00f1os desde que Mendoza nos rob\u00f3 un r\u00edo\u201d, dijo. \u201cHay much\u00edsimos pampeanos que tienen mayor cuotaparte de la que tengo yo. Circunstancialmente ocupo el cargo de gobernador y eso no me da derecho a hacerme due\u00f1o de este logro\u201d, sostuvo.<\/p>\n<p>El primer paso, dijo, es la creaci\u00f3n de un comit\u00e9 de cuenca. \u201cSeguramente el Gobierno nacional convocar\u00e1 al comit\u00e9 de cuenca, que abarca toda la extensi\u00f3n del Atuel, en reemplazo de la CIAI, que solo abarca el Atuel Inferior\u201d, dijo.<\/p>\n<p>Tambi\u00e9n chicane\u00f3 a su par cuyano,\u00a0<a href=\"http:\/\/diariotextual.com\/inicio\/index.php\/2020\/07\/16\/fallo-atuel-mendoza-tambien-festejo-revelo-hara-desoir-la-corte\/\" target=\"_blank\" rel=\"noopener noreferrer\"><strong>Rodolfo Su\u00e1ez, quien festej\u00f3 tambi\u00e9n el fallo<\/strong><\/a>. \u00abSi tanto festejan, que largue el agua\u00bb, dijo.<\/p>\n<p>A su vez, resalt\u00f3 que no permitir\u00e1n el trasvase del r\u00edo Grande al Atuel.\u00a0<strong>\u00abSon dos cuentas distintas. No se puede mezclar el agua. No pueden darnos agua con el agua que le saquen al Colorado\u00bb<\/strong>, dijo.<\/p>\n<p>El mandatario resalt\u00f3 el trabajo del exgobernador Carlos Verna y en el escritor Edgar Morisoli. \u201cSabemos que les debemos mucho. Sino tambi\u00e9n a muchos de los que est\u00e1n aqu\u00ed\u201d, dijo.<\/p>\n<p>Entre otros, Ziliotto estuvo flanqueado por el secretario de Recursos H\u00eddricos, N\u00e9stor Lastiri; el secretario general de la Gobernaci\u00f3n y exfiscal de Estado, Jos\u00e9 Vanini; el diputado nacional y exprocurador de Rentas, Hern\u00e1n P\u00e9rez Araujo; el diputado nacional y dirigente de la Fundaci\u00f3n Chadileuv\u00fa, Mart\u00edn Berhongaray; el diputado provincial y presidente de la Comisi\u00f3n de R\u00edos, Espartaco Mar\u00edn; el presidente de la Chadileuv\u00fa, H\u00e9ctor G\u00f3mez; el presidente de la Asamblea de los R\u00edos, Roberto Rodr\u00edguez; y Pablo Dornes, de la Universidad Nacional de La Pampa.<\/p>\n<p>\u201cLa Corte habla de acciones y obras y nos da un plazo de 90 d\u00edas para ponernos de acuerdo. Transcurrido ese plazo, en caso de que no haya acuerdo, la Corte definir\u00e1\u201d, dijo. \u201cMendoza ya debe soltar el agua\u201d, sostuvo.<\/p>\n<div class=\"oasis-despues-del-contenido\" id=\"oasis-2577609473\"><img loading=\"lazy\" decoding=\"async\" src=\"https:\/\/oasisfm935.com.ar\/site\/wp-content\/uploads\/2020\/08\/47806202-8741-49f2-a5c9-d2f930e5baa1.jpg\" alt=\"\"  srcset=\"https:\/\/oasisfm935.com.ar\/site\/wp-content\/uploads\/2020\/08\/47806202-8741-49f2-a5c9-d2f930e5baa1.jpg 1080w, https:\/\/oasisfm935.com.ar\/site\/wp-content\/uploads\/2020\/08\/47806202-8741-49f2-a5c9-d2f930e5baa1-300x300.jpg 300w, https:\/\/oasisfm935.com.ar\/site\/wp-content\/uploads\/2020\/08\/47806202-8741-49f2-a5c9-d2f930e5baa1-1024x1024.jpg 1024w, https:\/\/oasisfm935.com.ar\/site\/wp-content\/uploads\/2020\/08\/47806202-8741-49f2-a5c9-d2f930e5baa1-150x150.jpg 150w, https:\/\/oasisfm935.com.ar\/site\/wp-content\/uploads\/2020\/08\/47806202-8741-49f2-a5c9-d2f930e5baa1-768x768.jpg 768w\" sizes=\"(max-width: 1080px) 100vw, 1080px\" class=\"no-lazyload\" width=\"1080\" height=\"1080\"  style=\"display: inline-block;\" \/><\/div>","protected":false},"excerpt":{"rendered":"<p>\u201cMendoza ya debe soltar el agua\u201d. El gobernador\u00a0Sergio Ziliotto\u00a0as\u00ed lo pidi\u00f3 horas despu\u00e9s del\u00a0fallo hist\u00f3rico de la Corte Suprema de Justicia de<\/p>\n","protected":false},"author":4,"featured_media":5395,"comment_status":"closed","ping_status":"open","sticky":false,"template":"","format":"standard","meta":{"colormag_page_layout":"default_layout","footnotes":""},"categories":[2],"tags":[],"class_list":["post-5560","post","type-post","status-publish","format-standard","has-post-thumbnail","hentry","category-noticias"],"_links":{"self":[{"href":"https:\/\/oasisfm935.com.ar\/site\/wp-json\/wp\/v2\/posts\/5560","targetHints":{"allow":["GET"]}}],"collection":[{"href":"https:\/\/oasisfm935.com.ar\/site\/wp-json\/wp\/v2\/posts"}],"about":[{"href":"https:\/\/oasisfm935.com.ar\/site\/wp-json\/wp\/v2\/types\/post"}],"author":[{"embeddable":true,"href":"https:\/\/oasisfm935.com.ar\/site\/wp-json\/wp\/v2\/users\/4"}],"replies":[{"embeddable":true,"href":"https:\/\/oasisfm935.com.ar\/site\/wp-json\/wp\/v2\/comments?post=5560"}],"version-history":[{"count":1,"href":"https:\/\/oasisfm935.com.ar\/site\/wp-json\/wp\/v2\/posts\/5560\/revisions"}],"predecessor-version":[{"id":5561,"href":"https:\/\/oasisfm935.com.ar\/site\/wp-json\/wp\/v2\/posts\/5560\/revisions\/5561"}],"wp:featuredmedia":[{"embeddable":true,"href":"https:\/\/oasisfm935.com.ar\/site\/wp-json\/wp\/v2\/media\/5395"}],"wp:attachment":[{"href":"https:\/\/oasisfm935.com.ar\/site\/wp-json\/wp\/v2\/media?parent=5560"}],"wp:term":[{"taxonomy":"category","embeddable":true,"href":"https:\/\/oasisfm935.com.ar\/site\/wp-json\/wp\/v2\/categories?post=5560"},{"taxonomy":"post_tag","embeddable":true,"href":"https:\/\/oasisfm935.com.ar\/site\/wp-json\/wp\/v2\/tags?post=5560"}],"curies":[{"name":"wp","href":"https:\/\/api.w.org\/{rel}","templated":true}]}}