{"id":5562,"date":"2020-07-17T07:38:37","date_gmt":"2020-07-17T10:38:37","guid":{"rendered":"http:\/\/oasisfm935.com\/site\/?p=5562"},"modified":"2020-07-17T07:38:37","modified_gmt":"2020-07-17T10:38:37","slug":"temblo-la-pampa-reportan-un-fuerte-movimiento-en-la-provincia","status":"publish","type":"post","link":"https:\/\/oasisfm935.com.ar\/site\/temblo-la-pampa-reportan-un-fuerte-movimiento-en-la-provincia\/","title":{"rendered":"Tembl\u00f3 La Pampa: reportan un fuerte movimiento en la provincia"},"content":{"rendered":"<p>Un\u00a0<strong>fuerte temblor<\/strong>\u00a0se registr\u00f3 esta ma\u00f1ana en\u00a0<strong>gran parte de la provincia de La Pampa<\/strong>. El extra\u00f1o movimiento se escuch\u00f3 a las 6.07 horas de este viernes y de inmediato comenz\u00f3 a ser reportado por vecinos de las localidades de\u00a0<strong>Relmo, Can\u00e9 y Quem\u00fa Quem\u00fa<\/strong>, donde aparentemente m\u00e1s se sinti\u00f3.<\/p>\n<p>Tambi\u00e9n hubo reportes en Santa Rosa, Toay y Anguil, entre otras localidades.\u00a0<strong>\u201c\u00bfQu\u00e9 fue eso? Me tembl\u00f3 toda la casa\u00bb<\/strong>, pregunt\u00f3 Dar\u00edo, desde Can\u00e9, en las redes sociales. De inmediato una r\u00e1pida respuesta de mensajes coincidi\u00f3 con esa sensaci\u00f3n. \u00abEn mi casa tambi\u00e9n se sinti\u00f3 parec\u00eda que hab\u00eda explotado algo cerca\u00bb, contest\u00f3 Jos\u00e9 Mar\u00eda. \u00abFue como un fuerte zumbido que se mantuvo unos segundos \u00ab, describi\u00f3 otra persona.<\/p>\n<p>Muchos vecinos que salieron de inmediato de sus casas tambi\u00e9n reportaron que sintieron un olor poco frecuente.\u00a0<strong>\u00abTodav\u00eda se siente como un olor a humo\u00bb<\/strong>, cont\u00f3 Jos\u00e9, desde Quem\u00fa, a Diario Textual.\u00a0\u00a0<strong>\u00abMe tembl\u00f3 toda la casa. No sab\u00eda qu\u00e9 pasaba. Parec\u00eda que se me ca\u00eda el techo encima\u00bb,<\/strong>\u00a0relat\u00f3 Etel, tambi\u00e9n quemuense.<\/p>\n<p>Hasta el momento, a las 7 horas, el<strong>\u00a0Instituto de Prevenci\u00f3n S\u00edsmica (Inpres)<\/strong>\u00a0no ha reportado oficialmente ning\u00fan movimiento en la regi\u00f3n central del pa\u00eds.<\/p>\n<p>Por eso<strong>\u00a0no se sabe, al menos oficialmente, si el movimiento fue originado por un sismo o, eventualmente, por otro fen\u00f3meno, como la ca\u00edda de un meteorito<\/strong>.<\/p>\n<p>\u00abSe sinti\u00f3 por todos lados, pero no se sabe nada a\u00fan. Es un misterio\u00bb, difundi\u00f3 el intendente de Quem\u00fa, Alfredo Fern\u00e1ndez, que sali\u00f3 a recorrer las inmediaciones del pueblo luego del reporte del temblor.<\/p>\n<p>Fuente: textual<\/p>\n<div class=\"oasis-despues-del-contenido\" id=\"oasis-160976480\"><img loading=\"lazy\" decoding=\"async\" src=\"https:\/\/oasisfm935.com.ar\/site\/wp-content\/uploads\/2020\/08\/47806202-8741-49f2-a5c9-d2f930e5baa1.jpg\" alt=\"\"  srcset=\"https:\/\/oasisfm935.com.ar\/site\/wp-content\/uploads\/2020\/08\/47806202-8741-49f2-a5c9-d2f930e5baa1.jpg 1080w, https:\/\/oasisfm935.com.ar\/site\/wp-content\/uploads\/2020\/08\/47806202-8741-49f2-a5c9-d2f930e5baa1-300x300.jpg 300w, https:\/\/oasisfm935.com.ar\/site\/wp-content\/uploads\/2020\/08\/47806202-8741-49f2-a5c9-d2f930e5baa1-1024x1024.jpg 1024w, https:\/\/oasisfm935.com.ar\/site\/wp-content\/uploads\/2020\/08\/47806202-8741-49f2-a5c9-d2f930e5baa1-150x150.jpg 150w, https:\/\/oasisfm935.com.ar\/site\/wp-content\/uploads\/2020\/08\/47806202-8741-49f2-a5c9-d2f930e5baa1-768x768.jpg 768w\" sizes=\"(max-width: 1080px) 100vw, 1080px\" class=\"no-lazyload\" width=\"1080\" height=\"1080\"  style=\"display: inline-block;\" \/><\/div>","protected":false},"excerpt":{"rendered":"<p>Un\u00a0fuerte temblor\u00a0se registr\u00f3 esta ma\u00f1ana en\u00a0gran parte de la provincia de La Pampa. El extra\u00f1o movimiento se escuch\u00f3 a las 6.07 horas<\/p>\n","protected":false},"author":4,"featured_media":5563,"comment_status":"closed","ping_status":"open","sticky":false,"template":"","format":"standard","meta":{"colormag_page_layout":"default_layout","footnotes":""},"categories":[2],"tags":[],"class_list":["post-5562","post","type-post","status-publish","format-standard","has-post-thumbnail","hentry","category-noticias"],"_links":{"self":[{"href":"https:\/\/oasisfm935.com.ar\/site\/wp-json\/wp\/v2\/posts\/5562","targetHints":{"allow":["GET"]}}],"collection":[{"href":"https:\/\/oasisfm935.com.ar\/site\/wp-json\/wp\/v2\/posts"}],"about":[{"href":"https:\/\/oasisfm935.com.ar\/site\/wp-json\/wp\/v2\/types\/post"}],"author":[{"embeddable":true,"href":"https:\/\/oasisfm935.com.ar\/site\/wp-json\/wp\/v2\/users\/4"}],"replies":[{"embeddable":true,"href":"https:\/\/oasisfm935.com.ar\/site\/wp-json\/wp\/v2\/comments?post=5562"}],"version-history":[{"count":1,"href":"https:\/\/oasisfm935.com.ar\/site\/wp-json\/wp\/v2\/posts\/5562\/revisions"}],"predecessor-version":[{"id":5564,"href":"https:\/\/oasisfm935.com.ar\/site\/wp-json\/wp\/v2\/posts\/5562\/revisions\/5564"}],"wp:featuredmedia":[{"embeddable":true,"href":"https:\/\/oasisfm935.com.ar\/site\/wp-json\/wp\/v2\/media\/5563"}],"wp:attachment":[{"href":"https:\/\/oasisfm935.com.ar\/site\/wp-json\/wp\/v2\/media?parent=5562"}],"wp:term":[{"taxonomy":"category","embeddable":true,"href":"https:\/\/oasisfm935.com.ar\/site\/wp-json\/wp\/v2\/categories?post=5562"},{"taxonomy":"post_tag","embeddable":true,"href":"https:\/\/oasisfm935.com.ar\/site\/wp-json\/wp\/v2\/tags?post=5562"}],"curies":[{"name":"wp","href":"https:\/\/api.w.org\/{rel}","templated":true}]}}