{"id":5566,"date":"2020-07-17T08:59:51","date_gmt":"2020-07-17T11:59:51","guid":{"rendered":"http:\/\/oasisfm935.com\/site\/?p=5566"},"modified":"2020-07-17T10:37:22","modified_gmt":"2020-07-17T13:37:22","slug":"oficial-se-registro-un-sismo-de-magnitud-41-en-quemu","status":"publish","type":"post","link":"https:\/\/oasisfm935.com.ar\/site\/oficial-se-registro-un-sismo-de-magnitud-41-en-quemu\/","title":{"rendered":"Oficial: se registr\u00f3 un sismo de magnitud 4,1 en Quem\u00fa"},"content":{"rendered":"<p>Los pobladores de buena parte de La Pampa y oeste de Buenos Aires sintieron esta madrugada un<strong>\u00a0importante temblor<\/strong>, seguido de un<strong>\u00a0fuerte olor<\/strong>. El<strong>\u00a0Instituto de Prevenci\u00f3n S\u00edsmica (Inpres)<\/strong>\u00a0report\u00f3 oficialmente que<strong>\u00a0el sismo se detect\u00f3 a las 6.06 horas<\/strong>\u00a0y tuvo una magnitud de<strong>\u00a04,1<\/strong>\u00a0en la escala de Richter.<\/p>\n<p>El epicentro, inform\u00f3 el organismo oficial, se detect\u00f3 a 5 kil\u00f3metros al este de Quem\u00fa Quem\u00fa y a 96 kil\u00f3metros al noreste de Santa Rosa, a<strong>\u00a0una profundidad de 28 kil\u00f3metros.<\/strong><\/p>\n<p>\u00abEpicentro a 96 km al NE de Santa Rosa; 400 km al SE de San Luis; 5 km al E de Quemu Quemu\u00a0-36.044 (lat) -63.500 (long)\u00bb, detall\u00f3 el Inpres.<\/p>\n<p>El temblor se sinti\u00f3 en gran parte de la provincia. Pocos minutos despu\u00e9s de las 6 de la ma\u00f1ana el\u00a0extra\u00f1o movimiento comenz\u00f3 a ser reportado por vecinos de las localidades de\u00a0<strong>Relmo, Can\u00e9 y Quem\u00fa Quem\u00fa.\u00a0<\/strong>Tambi\u00e9n hubo reportes en Santa Rosa, Toay, Anguil, General Pico, Eduardo Castex y Lonquimay, y en las ciudades bonaerenses de Pellegrini y Trenque Lauquen.<\/p>\n<p><strong>\u201c\u00bfQu\u00e9 fue eso? Me tembl\u00f3 toda la casa\u00bb<\/strong>, pregunt\u00f3 Dar\u00edo, desde Can\u00e9, en las redes sociales. De inmediato una r\u00e1pida respuesta de mensajes coincidi\u00f3 con esa sensaci\u00f3n.\u00a0<strong>\u00abEn mi casa tambi\u00e9n se sinti\u00f3 parec\u00eda que hab\u00eda explotado algo cerca\u00bb<\/strong>, contest\u00f3 Jos\u00e9 Mar\u00eda. Inmediatamente algunos vecinos registraron un olor poco habitual.<\/p>\n<div class=\"oasis-despues-del-contenido\" id=\"oasis-3224288428\"><img loading=\"lazy\" decoding=\"async\" src=\"https:\/\/oasisfm935.com.ar\/site\/wp-content\/uploads\/2020\/08\/47806202-8741-49f2-a5c9-d2f930e5baa1.jpg\" alt=\"\"  srcset=\"https:\/\/oasisfm935.com.ar\/site\/wp-content\/uploads\/2020\/08\/47806202-8741-49f2-a5c9-d2f930e5baa1.jpg 1080w, https:\/\/oasisfm935.com.ar\/site\/wp-content\/uploads\/2020\/08\/47806202-8741-49f2-a5c9-d2f930e5baa1-300x300.jpg 300w, https:\/\/oasisfm935.com.ar\/site\/wp-content\/uploads\/2020\/08\/47806202-8741-49f2-a5c9-d2f930e5baa1-1024x1024.jpg 1024w, https:\/\/oasisfm935.com.ar\/site\/wp-content\/uploads\/2020\/08\/47806202-8741-49f2-a5c9-d2f930e5baa1-150x150.jpg 150w, https:\/\/oasisfm935.com.ar\/site\/wp-content\/uploads\/2020\/08\/47806202-8741-49f2-a5c9-d2f930e5baa1-768x768.jpg 768w\" sizes=\"(max-width: 1080px) 100vw, 1080px\" class=\"no-lazyload\" width=\"1080\" height=\"1080\"  style=\"display: inline-block;\" \/><\/div>","protected":false},"excerpt":{"rendered":"<p>Los pobladores de buena parte de La Pampa y oeste de Buenos Aires sintieron esta madrugada un\u00a0importante temblor, seguido de un\u00a0fuerte olor.<\/p>\n","protected":false},"author":4,"featured_media":5567,"comment_status":"closed","ping_status":"open","sticky":false,"template":"","format":"standard","meta":{"colormag_page_layout":"default_layout","footnotes":""},"categories":[2],"tags":[],"class_list":["post-5566","post","type-post","status-publish","format-standard","has-post-thumbnail","hentry","category-noticias"],"_links":{"self":[{"href":"https:\/\/oasisfm935.com.ar\/site\/wp-json\/wp\/v2\/posts\/5566","targetHints":{"allow":["GET"]}}],"collection":[{"href":"https:\/\/oasisfm935.com.ar\/site\/wp-json\/wp\/v2\/posts"}],"about":[{"href":"https:\/\/oasisfm935.com.ar\/site\/wp-json\/wp\/v2\/types\/post"}],"author":[{"embeddable":true,"href":"https:\/\/oasisfm935.com.ar\/site\/wp-json\/wp\/v2\/users\/4"}],"replies":[{"embeddable":true,"href":"https:\/\/oasisfm935.com.ar\/site\/wp-json\/wp\/v2\/comments?post=5566"}],"version-history":[{"count":2,"href":"https:\/\/oasisfm935.com.ar\/site\/wp-json\/wp\/v2\/posts\/5566\/revisions"}],"predecessor-version":[{"id":5574,"href":"https:\/\/oasisfm935.com.ar\/site\/wp-json\/wp\/v2\/posts\/5566\/revisions\/5574"}],"wp:featuredmedia":[{"embeddable":true,"href":"https:\/\/oasisfm935.com.ar\/site\/wp-json\/wp\/v2\/media\/5567"}],"wp:attachment":[{"href":"https:\/\/oasisfm935.com.ar\/site\/wp-json\/wp\/v2\/media?parent=5566"}],"wp:term":[{"taxonomy":"category","embeddable":true,"href":"https:\/\/oasisfm935.com.ar\/site\/wp-json\/wp\/v2\/categories?post=5566"},{"taxonomy":"post_tag","embeddable":true,"href":"https:\/\/oasisfm935.com.ar\/site\/wp-json\/wp\/v2\/tags?post=5566"}],"curies":[{"name":"wp","href":"https:\/\/api.w.org\/{rel}","templated":true}]}}