{"id":5609,"date":"2020-07-20T19:18:58","date_gmt":"2020-07-20T22:18:58","guid":{"rendered":"http:\/\/oasisfm935.com\/site\/?p=5609"},"modified":"2020-07-20T19:18:58","modified_gmt":"2020-07-20T22:18:58","slug":"coronavirus-hay-908-personas-en-la-pampa-que-estan-con-el-aislamiento-de-14-dias","status":"publish","type":"post","link":"https:\/\/oasisfm935.com.ar\/site\/coronavirus-hay-908-personas-en-la-pampa-que-estan-con-el-aislamiento-de-14-dias\/","title":{"rendered":"Coronavirus: hay 908 personas en La Pampa que est\u00e1n con el aislamiento de 14 d\u00edas."},"content":{"rendered":"<p>El Ministerio de Salud inform\u00f3 este lunes que\u00a0<strong>hay un total de 908 personas<\/strong>\u00a0que est\u00e1n realizando el aislamiento estricto de 14 d\u00edas, con el fin de prevenir el coronavirus Covid-19. La mayor\u00eda en hoteles y hospedajes.<\/p>\n<p>A su vez, Salud inform\u00f3 que la provincia mantiene ocho positivos: 7 de ellos ya recuperados y un activo.<\/p>\n<p>Llamativamente, pese a que lo confirmo ayer, no ha incluido- al meno por ahora- a otro de los positivos, que tambi\u00e9n se recuper\u00f3: el esposo de la due\u00f1a de una verduler\u00eda de Santa Rosa, el \u00fanico activo.<\/p>\n<p>A su vez, prosigui\u00f3 este lunes el programa llamado B\u00fasqueda Activa de Casos. Hoy hisoparon a camioneros de Pico.<\/p>\n<p>Salud insisti\u00f3 que, ante la presencia de s\u00edntomas y epidemiolog\u00eda compatibles con la definici\u00f3n de caso sospechoso, se haga un contacto telef\u00f3nico al 0800 333 1135, refiera el antecedente y evite el contacto social.<\/p>\n<div class=\"oasis-despues-del-contenido\" id=\"oasis-1738731617\"><img loading=\"lazy\" decoding=\"async\" src=\"https:\/\/oasisfm935.com.ar\/site\/wp-content\/uploads\/2020\/08\/47806202-8741-49f2-a5c9-d2f930e5baa1.jpg\" alt=\"\"  srcset=\"https:\/\/oasisfm935.com.ar\/site\/wp-content\/uploads\/2020\/08\/47806202-8741-49f2-a5c9-d2f930e5baa1.jpg 1080w, https:\/\/oasisfm935.com.ar\/site\/wp-content\/uploads\/2020\/08\/47806202-8741-49f2-a5c9-d2f930e5baa1-300x300.jpg 300w, https:\/\/oasisfm935.com.ar\/site\/wp-content\/uploads\/2020\/08\/47806202-8741-49f2-a5c9-d2f930e5baa1-1024x1024.jpg 1024w, https:\/\/oasisfm935.com.ar\/site\/wp-content\/uploads\/2020\/08\/47806202-8741-49f2-a5c9-d2f930e5baa1-150x150.jpg 150w, https:\/\/oasisfm935.com.ar\/site\/wp-content\/uploads\/2020\/08\/47806202-8741-49f2-a5c9-d2f930e5baa1-768x768.jpg 768w\" sizes=\"(max-width: 1080px) 100vw, 1080px\" class=\"no-lazyload\" width=\"1080\" height=\"1080\"  style=\"display: inline-block;\" \/><\/div>","protected":false},"excerpt":{"rendered":"<p>El Ministerio de Salud inform\u00f3 este lunes que\u00a0hay un total de 908 personas\u00a0que est\u00e1n realizando el aislamiento estricto de 14 d\u00edas, con<\/p>\n","protected":false},"author":4,"featured_media":5610,"comment_status":"closed","ping_status":"open","sticky":false,"template":"","format":"standard","meta":{"colormag_page_layout":"default_layout","footnotes":""},"categories":[2],"tags":[],"class_list":["post-5609","post","type-post","status-publish","format-standard","has-post-thumbnail","hentry","category-noticias"],"_links":{"self":[{"href":"https:\/\/oasisfm935.com.ar\/site\/wp-json\/wp\/v2\/posts\/5609","targetHints":{"allow":["GET"]}}],"collection":[{"href":"https:\/\/oasisfm935.com.ar\/site\/wp-json\/wp\/v2\/posts"}],"about":[{"href":"https:\/\/oasisfm935.com.ar\/site\/wp-json\/wp\/v2\/types\/post"}],"author":[{"embeddable":true,"href":"https:\/\/oasisfm935.com.ar\/site\/wp-json\/wp\/v2\/users\/4"}],"replies":[{"embeddable":true,"href":"https:\/\/oasisfm935.com.ar\/site\/wp-json\/wp\/v2\/comments?post=5609"}],"version-history":[{"count":1,"href":"https:\/\/oasisfm935.com.ar\/site\/wp-json\/wp\/v2\/posts\/5609\/revisions"}],"predecessor-version":[{"id":5611,"href":"https:\/\/oasisfm935.com.ar\/site\/wp-json\/wp\/v2\/posts\/5609\/revisions\/5611"}],"wp:featuredmedia":[{"embeddable":true,"href":"https:\/\/oasisfm935.com.ar\/site\/wp-json\/wp\/v2\/media\/5610"}],"wp:attachment":[{"href":"https:\/\/oasisfm935.com.ar\/site\/wp-json\/wp\/v2\/media?parent=5609"}],"wp:term":[{"taxonomy":"category","embeddable":true,"href":"https:\/\/oasisfm935.com.ar\/site\/wp-json\/wp\/v2\/categories?post=5609"},{"taxonomy":"post_tag","embeddable":true,"href":"https:\/\/oasisfm935.com.ar\/site\/wp-json\/wp\/v2\/tags?post=5609"}],"curies":[{"name":"wp","href":"https:\/\/api.w.org\/{rel}","templated":true}]}}