{"id":5613,"date":"2020-07-21T09:41:28","date_gmt":"2020-07-21T12:41:28","guid":{"rendered":"http:\/\/oasisfm935.com\/site\/?p=5613"},"modified":"2020-07-21T09:41:28","modified_gmt":"2020-07-21T12:41:28","slug":"emitieron-dos-alertas-meteorologicos-para-la-pampa","status":"publish","type":"post","link":"https:\/\/oasisfm935.com.ar\/site\/emitieron-dos-alertas-meteorologicos-para-la-pampa\/","title":{"rendered":"Emitieron dos alertas meteorol\u00f3gicos para La Pampa"},"content":{"rendered":"<p>El Servicio Meteorol\u00f3gico Nacional emiti\u00f3 este martes dos alertas para el territorio pampeano.<\/p>\n<p>Por un lado, el SMN inform\u00f3 sobre un alerta por \u00abPrecipitaciones intensas\u00bb para toda la provincia como as\u00ed tambi\u00e9n para el centro y sur de la provincia de Buenos Aires, sur de Mendoza, Neuqu\u00e9n y R\u00edo Negro.<\/p>\n<p>En el informe, Meteorolog\u00eda indic\u00f3 que en el extremo oeste de La Pampa se esperan por precipitaciones en forma de lluvia y nieve.<\/p>\n<p>Este alerta fue emitido a las 5 de la ma\u00f1ana y se renovar\u00e1 a las 11.<\/p>\n<h2>Precipitaciones intensas\u00a0<small>(Alerta Meteorol\u00f3gico 7)<\/small><\/h2>\n<ul>\n<li><strong>\u00a0Zonas:<\/strong>\u00a0Centro y sur de la provincia de Buenos Aires, La Pampa, Sur de Mendoza, Neuqu\u00e9n, R\u00edo Negro.<\/li>\n<\/ul>\n<ul>\n<li><strong>Informe:<\/strong>\u00a0La zona de cobertura ser\u00e1 afectada por precipitaciones, algunas localmente intensas, al menos hasta la ma\u00f1ana del jueves 23. Se esperan valores de precipitaci\u00f3n acumulada entre 30 y 80 mm pudiendo ser superados en forma puntual, y esper\u00e1ndose los mayores valores en la provincia de Neuqu\u00e9n. En Neuqu\u00e9n, el centro y oeste de Rio Negro, el sur de Mendoza y el extremo oeste de La Pampa las precipitaciones ser\u00e1n en forma de lluvia y nieve.<\/li>\n<\/ul>\n<ul>\n<li><strong>\u00a0Fecha de emisi\u00f3n:<\/strong>\u00a021-7-2020 a las 05:00hs<\/li>\n<li><strong>\u00a0Pr\u00f3xima Actualizaci\u00f3n:<\/strong>\u00a011:00hs<\/li>\n<\/ul>\n<p>Por otra parte, el Servicio Meteorol\u00f3gico Nacional anunci\u00f3 otro alerta, en este caso, por \u00abVientos intensos\u00bb para el centro y sur de La Pampa como as\u00ed tambi\u00e9n para el centro y sur de la provincia de Buenos Aires, este de Neuqu\u00e9n y centro y este de R\u00edo Negro.<\/p>\n<p>En el informe, Meteorolog\u00eda inform\u00f3 que las r\u00e1fagas pueden alcanzar los 70 kil\u00f3metros por hora.<\/p>\n<p>El alerta tambi\u00e9n fue emitido a las 5 de la ma\u00f1ana y se renovar\u00e1 a las 11.<\/p>\n<h2>Por vientos intensos\u00a0<small>(Alerta Meteorol\u00f3gico 3)<\/small><\/h2>\n<ul>\n<li><strong>\u00a0Zonas:<\/strong>\u00a0Centro y sur de la provincia de Buenos Aires, Centro y sur de La Pampa, Este de Neuqu\u00e9n, Centro y este de R\u00edo Negro.<\/li>\n<\/ul>\n<ul>\n<li><strong>Informe:<\/strong>\u00a0Se prev\u00e9n vientos del sector este en la regi\u00f3n al menos hasta la tarde del mi\u00e9rcoles 22, con intensidades entre 30 km\/h y 50 km\/h y r\u00e1fagas que pueden alcanzar los 70 km\/h. Los pron\u00f3sticos de intensidad de viento sobre el \u00e1rea mar\u00edtima adyacente a las costas fueron emitidos en los boletines de navegaci\u00f3n mar\u00edtima de rutina.<\/li>\n<\/ul>\n<ul>\n<li><strong>\u00a0Fecha de emisi\u00f3n:<\/strong>\u00a021-7-2020 a las 05:00hs<\/li>\n<li><strong>\u00a0Pr\u00f3xima Actualizaci\u00f3n:<\/strong>\u00a011:00hs<\/li>\n<\/ul>\n<div class=\"oasis-despues-del-contenido\" id=\"oasis-1471947417\"><img loading=\"lazy\" decoding=\"async\" src=\"https:\/\/oasisfm935.com.ar\/site\/wp-content\/uploads\/2020\/08\/47806202-8741-49f2-a5c9-d2f930e5baa1.jpg\" alt=\"\"  srcset=\"https:\/\/oasisfm935.com.ar\/site\/wp-content\/uploads\/2020\/08\/47806202-8741-49f2-a5c9-d2f930e5baa1.jpg 1080w, https:\/\/oasisfm935.com.ar\/site\/wp-content\/uploads\/2020\/08\/47806202-8741-49f2-a5c9-d2f930e5baa1-300x300.jpg 300w, https:\/\/oasisfm935.com.ar\/site\/wp-content\/uploads\/2020\/08\/47806202-8741-49f2-a5c9-d2f930e5baa1-1024x1024.jpg 1024w, https:\/\/oasisfm935.com.ar\/site\/wp-content\/uploads\/2020\/08\/47806202-8741-49f2-a5c9-d2f930e5baa1-150x150.jpg 150w, https:\/\/oasisfm935.com.ar\/site\/wp-content\/uploads\/2020\/08\/47806202-8741-49f2-a5c9-d2f930e5baa1-768x768.jpg 768w\" sizes=\"(max-width: 1080px) 100vw, 1080px\" class=\"no-lazyload\" width=\"1080\" height=\"1080\"  style=\"display: inline-block;\" \/><\/div>","protected":false},"excerpt":{"rendered":"<p>El Servicio Meteorol\u00f3gico Nacional emiti\u00f3 este martes dos alertas para el territorio pampeano. Por un lado, el SMN inform\u00f3 sobre un alerta<\/p>\n","protected":false},"author":4,"featured_media":5614,"comment_status":"closed","ping_status":"open","sticky":false,"template":"","format":"standard","meta":{"colormag_page_layout":"default_layout","footnotes":""},"categories":[2],"tags":[],"class_list":["post-5613","post","type-post","status-publish","format-standard","has-post-thumbnail","hentry","category-noticias"],"_links":{"self":[{"href":"https:\/\/oasisfm935.com.ar\/site\/wp-json\/wp\/v2\/posts\/5613","targetHints":{"allow":["GET"]}}],"collection":[{"href":"https:\/\/oasisfm935.com.ar\/site\/wp-json\/wp\/v2\/posts"}],"about":[{"href":"https:\/\/oasisfm935.com.ar\/site\/wp-json\/wp\/v2\/types\/post"}],"author":[{"embeddable":true,"href":"https:\/\/oasisfm935.com.ar\/site\/wp-json\/wp\/v2\/users\/4"}],"replies":[{"embeddable":true,"href":"https:\/\/oasisfm935.com.ar\/site\/wp-json\/wp\/v2\/comments?post=5613"}],"version-history":[{"count":1,"href":"https:\/\/oasisfm935.com.ar\/site\/wp-json\/wp\/v2\/posts\/5613\/revisions"}],"predecessor-version":[{"id":5615,"href":"https:\/\/oasisfm935.com.ar\/site\/wp-json\/wp\/v2\/posts\/5613\/revisions\/5615"}],"wp:featuredmedia":[{"embeddable":true,"href":"https:\/\/oasisfm935.com.ar\/site\/wp-json\/wp\/v2\/media\/5614"}],"wp:attachment":[{"href":"https:\/\/oasisfm935.com.ar\/site\/wp-json\/wp\/v2\/media?parent=5613"}],"wp:term":[{"taxonomy":"category","embeddable":true,"href":"https:\/\/oasisfm935.com.ar\/site\/wp-json\/wp\/v2\/categories?post=5613"},{"taxonomy":"post_tag","embeddable":true,"href":"https:\/\/oasisfm935.com.ar\/site\/wp-json\/wp\/v2\/tags?post=5613"}],"curies":[{"name":"wp","href":"https:\/\/api.w.org\/{rel}","templated":true}]}}