{"id":5616,"date":"2020-07-21T11:16:17","date_gmt":"2020-07-21T14:16:17","guid":{"rendered":"http:\/\/oasisfm935.com\/site\/?p=5616"},"modified":"2020-07-21T11:16:17","modified_gmt":"2020-07-21T14:16:17","slug":"ingeniero-luiggi-concejales-de-la-ucr-de-pidieron-que-se-garantice-el-derecho-a-la-informacion-publica-un-lamentable-paso-hacia-atras","status":"publish","type":"post","link":"https:\/\/oasisfm935.com.ar\/site\/ingeniero-luiggi-concejales-de-la-ucr-de-pidieron-que-se-garantice-el-derecho-a-la-informacion-publica-un-lamentable-paso-hacia-atras\/","title":{"rendered":"Ingeniero Luiggi: Concejales de la UCR de pidieron que se garantice el derecho a la informaci\u00f3n p\u00fablica: \u00abUn lamentable paso hacia atr\u00e1s\u00bb"},"content":{"rendered":"<p>El bloque de la UCR de Ingeniero Luiggi explic\u00f3 que \u00abse est\u00e1 coartando el derecho a la informaci\u00f3n p\u00fablica y la libertad de expresi\u00f3n\u00bb.<\/p>\n<p>En un comunicado de prensa el bloque opositor indic\u00f3 que \u00abEl Concejo\u00a0Deliberante de Ingeniero Luiggi con la oposici\u00f3n de los concejales de la UCR, aprob\u00f3\u00a0 por mayor\u00eda ( 5 votos del Bloque del Frejupa, un voto de Juntos por Ingeniero Luiggi) una ordenanza que pone en riesgo y escamotea la posibilidad que los vecinos puedan conocer el manejo de los negocios p\u00fablicos\u00bb.<\/p>\n<p>\u00abCon el\u00a0 risible argumento de garantizar el accionar prolijo y responsable de\u00a0 la documentaci\u00f3n y los datos que ingresan al Concejo Deliberante,\u00a0 se\u00a0 pone en\u00a0 cabeza del personal\u00a0 administrativo, la atribuci\u00f3n de brindar la informaci\u00f3n y documentaci\u00f3n referida a la gesti\u00f3n p\u00fablica, lo que lleva al absurdo que si la secretaria administrativa no se encuentra en la localidad o se encuentra imposibilitada por cualquier raz\u00f3n, los concejales nos veremos privados de acceder a la informaci\u00f3n cr\u00edtica o necesaria para cumplir nuestra labor legislativa de control\u00bb, plantea el comunicado.<\/p>\n<p>\u00abLa imposici\u00f3n de un horario\u00a0y la registraci\u00f3n de quienes requieren informaci\u00f3n, conllevan el inocultable prop\u00f3sito de desalentar\u00a0y restringir el acceso a la documentaci\u00f3n oficial lo que importa un retroceso inaudito\u00a0conspira con el principio de la publicidad de los actos de gobierno y con las expresas disposiciones de la ley de\u00a0acceso a la informaci\u00f3n p\u00fablica\u00bb, destaca el comunicado de los ediles de la oposici\u00f3n\u00bb, se\u00f1ala el comunicado de los concejales de la UCR.<\/p>\n<p><strong>\u00abHacemos p\u00fablica esta declaraci\u00f3n para conocimiento no solo de los vecinos de Ingeniero Luiggi sino de todos los habitantes de la Provincia y como una\u00a0contribuci\u00f3n al mejoramiento de la representatividad ciudadana y de las pr\u00e1cticas de gobierno<\/strong>\u00ab, se\u00f1alaron.<\/p>\n<p>Sesi\u00f3n del Concejo Deliberante de Luiggi (Imagen de archivo) zonal noticias<\/p>\n<div class=\"oasis-despues-del-contenido\" id=\"oasis-1347821000\"><img loading=\"lazy\" decoding=\"async\" src=\"https:\/\/oasisfm935.com.ar\/site\/wp-content\/uploads\/2020\/08\/47806202-8741-49f2-a5c9-d2f930e5baa1.jpg\" alt=\"\"  srcset=\"https:\/\/oasisfm935.com.ar\/site\/wp-content\/uploads\/2020\/08\/47806202-8741-49f2-a5c9-d2f930e5baa1.jpg 1080w, https:\/\/oasisfm935.com.ar\/site\/wp-content\/uploads\/2020\/08\/47806202-8741-49f2-a5c9-d2f930e5baa1-300x300.jpg 300w, https:\/\/oasisfm935.com.ar\/site\/wp-content\/uploads\/2020\/08\/47806202-8741-49f2-a5c9-d2f930e5baa1-1024x1024.jpg 1024w, https:\/\/oasisfm935.com.ar\/site\/wp-content\/uploads\/2020\/08\/47806202-8741-49f2-a5c9-d2f930e5baa1-150x150.jpg 150w, https:\/\/oasisfm935.com.ar\/site\/wp-content\/uploads\/2020\/08\/47806202-8741-49f2-a5c9-d2f930e5baa1-768x768.jpg 768w\" sizes=\"(max-width: 1080px) 100vw, 1080px\" class=\"no-lazyload\" width=\"1080\" height=\"1080\"  style=\"display: inline-block;\" \/><\/div>","protected":false},"excerpt":{"rendered":"<p>El bloque de la UCR de Ingeniero Luiggi explic\u00f3 que \u00abse est\u00e1 coartando el derecho a la informaci\u00f3n p\u00fablica y la libertad<\/p>\n","protected":false},"author":4,"featured_media":5617,"comment_status":"closed","ping_status":"open","sticky":false,"template":"","format":"standard","meta":{"colormag_page_layout":"default_layout","footnotes":""},"categories":[2],"tags":[],"class_list":["post-5616","post","type-post","status-publish","format-standard","has-post-thumbnail","hentry","category-noticias"],"_links":{"self":[{"href":"https:\/\/oasisfm935.com.ar\/site\/wp-json\/wp\/v2\/posts\/5616","targetHints":{"allow":["GET"]}}],"collection":[{"href":"https:\/\/oasisfm935.com.ar\/site\/wp-json\/wp\/v2\/posts"}],"about":[{"href":"https:\/\/oasisfm935.com.ar\/site\/wp-json\/wp\/v2\/types\/post"}],"author":[{"embeddable":true,"href":"https:\/\/oasisfm935.com.ar\/site\/wp-json\/wp\/v2\/users\/4"}],"replies":[{"embeddable":true,"href":"https:\/\/oasisfm935.com.ar\/site\/wp-json\/wp\/v2\/comments?post=5616"}],"version-history":[{"count":1,"href":"https:\/\/oasisfm935.com.ar\/site\/wp-json\/wp\/v2\/posts\/5616\/revisions"}],"predecessor-version":[{"id":5618,"href":"https:\/\/oasisfm935.com.ar\/site\/wp-json\/wp\/v2\/posts\/5616\/revisions\/5618"}],"wp:featuredmedia":[{"embeddable":true,"href":"https:\/\/oasisfm935.com.ar\/site\/wp-json\/wp\/v2\/media\/5617"}],"wp:attachment":[{"href":"https:\/\/oasisfm935.com.ar\/site\/wp-json\/wp\/v2\/media?parent=5616"}],"wp:term":[{"taxonomy":"category","embeddable":true,"href":"https:\/\/oasisfm935.com.ar\/site\/wp-json\/wp\/v2\/categories?post=5616"},{"taxonomy":"post_tag","embeddable":true,"href":"https:\/\/oasisfm935.com.ar\/site\/wp-json\/wp\/v2\/tags?post=5616"}],"curies":[{"name":"wp","href":"https:\/\/api.w.org\/{rel}","templated":true}]}}