{"id":5619,"date":"2020-07-21T12:15:22","date_gmt":"2020-07-21T15:15:22","guid":{"rendered":"http:\/\/oasisfm935.com\/site\/?p=5619"},"modified":"2020-07-21T12:15:22","modified_gmt":"2020-07-21T15:15:22","slug":"ingeniero-luiggi-labraron-mas-infracciones-por-circular-en-horarios-no-permitido","status":"publish","type":"post","link":"https:\/\/oasisfm935.com.ar\/site\/ingeniero-luiggi-labraron-mas-infracciones-por-circular-en-horarios-no-permitido\/","title":{"rendered":"Ingeniero Luiggi: Labraron mas infracciones por circular en horarios no permitido."},"content":{"rendered":"<p>Fm oasis dialog\u00f3 con el Comisario Leandro Ernst quien manifest\u00f3 que: en horas de la madrugada del d\u00eda de ayer, alrededor de las 02:30, el personal del Servicio de Calle de esta Departamental logro interceptar sobre calles Alberdi y Sarmiento de este medio, dos masculinos mayores de edad, que se desplazaban en bicicletas, no teniendo un motivo que justifique su presencia en la v\u00eda p\u00fablica y en ese horario.<\/p>\n<p><a href=\"http:\/\/oasisfm935.com\/site\/wp-content\/uploads\/2020\/07\/6e035fda-a393-41f3-a1c4-e65199b1f77a-1.jpg\"><img loading=\"lazy\" decoding=\"async\" class=\"alignnone size-full wp-image-5620\" src=\"http:\/\/oasisfm935.com\/site\/wp-content\/uploads\/2020\/07\/6e035fda-a393-41f3-a1c4-e65199b1f77a-1.jpg\" alt=\"\" width=\"1032\" height=\"581\" srcset=\"https:\/\/oasisfm935.com.ar\/site\/wp-content\/uploads\/2020\/07\/6e035fda-a393-41f3-a1c4-e65199b1f77a-1.jpg 1032w, https:\/\/oasisfm935.com.ar\/site\/wp-content\/uploads\/2020\/07\/6e035fda-a393-41f3-a1c4-e65199b1f77a-1-300x169.jpg 300w, https:\/\/oasisfm935.com.ar\/site\/wp-content\/uploads\/2020\/07\/6e035fda-a393-41f3-a1c4-e65199b1f77a-1-1024x576.jpg 1024w, https:\/\/oasisfm935.com.ar\/site\/wp-content\/uploads\/2020\/07\/6e035fda-a393-41f3-a1c4-e65199b1f77a-1-768x432.jpg 768w\" sizes=\"auto, (max-width: 1032px) 100vw, 1032px\" \/><\/a><\/p>\n<p>Raz\u00f3n por la cual se dieron inicio a las actuaciones judiciales correspondientes por INFRACCI\u00d3N A LOS ART. 205 Y 239 DEL C\u00d3DIGO PENAL, con intervenci\u00f3n de la Fiscal\u00eda General del Dr. Armando AG\u00dcERO con sede de funciones en la ciudad de General Pico (LP); procedi\u00e9ndose al secuestro de ambas bicicletas.-<\/p>\n<div class=\"oasis-despues-del-contenido\" id=\"oasis-1555241713\"><img loading=\"lazy\" decoding=\"async\" src=\"https:\/\/oasisfm935.com.ar\/site\/wp-content\/uploads\/2020\/08\/47806202-8741-49f2-a5c9-d2f930e5baa1.jpg\" alt=\"\"  srcset=\"https:\/\/oasisfm935.com.ar\/site\/wp-content\/uploads\/2020\/08\/47806202-8741-49f2-a5c9-d2f930e5baa1.jpg 1080w, https:\/\/oasisfm935.com.ar\/site\/wp-content\/uploads\/2020\/08\/47806202-8741-49f2-a5c9-d2f930e5baa1-300x300.jpg 300w, https:\/\/oasisfm935.com.ar\/site\/wp-content\/uploads\/2020\/08\/47806202-8741-49f2-a5c9-d2f930e5baa1-1024x1024.jpg 1024w, https:\/\/oasisfm935.com.ar\/site\/wp-content\/uploads\/2020\/08\/47806202-8741-49f2-a5c9-d2f930e5baa1-150x150.jpg 150w, https:\/\/oasisfm935.com.ar\/site\/wp-content\/uploads\/2020\/08\/47806202-8741-49f2-a5c9-d2f930e5baa1-768x768.jpg 768w\" sizes=\"(max-width: 1080px) 100vw, 1080px\" class=\"no-lazyload\" width=\"1080\" height=\"1080\"  style=\"display: inline-block;\" \/><\/div>","protected":false},"excerpt":{"rendered":"<p>Fm oasis dialog\u00f3 con el Comisario Leandro Ernst quien manifest\u00f3 que: en horas de la madrugada del d\u00eda de ayer, alrededor de<\/p>\n","protected":false},"author":4,"featured_media":5621,"comment_status":"closed","ping_status":"open","sticky":false,"template":"","format":"standard","meta":{"colormag_page_layout":"default_layout","footnotes":""},"categories":[2],"tags":[],"class_list":["post-5619","post","type-post","status-publish","format-standard","has-post-thumbnail","hentry","category-noticias"],"_links":{"self":[{"href":"https:\/\/oasisfm935.com.ar\/site\/wp-json\/wp\/v2\/posts\/5619","targetHints":{"allow":["GET"]}}],"collection":[{"href":"https:\/\/oasisfm935.com.ar\/site\/wp-json\/wp\/v2\/posts"}],"about":[{"href":"https:\/\/oasisfm935.com.ar\/site\/wp-json\/wp\/v2\/types\/post"}],"author":[{"embeddable":true,"href":"https:\/\/oasisfm935.com.ar\/site\/wp-json\/wp\/v2\/users\/4"}],"replies":[{"embeddable":true,"href":"https:\/\/oasisfm935.com.ar\/site\/wp-json\/wp\/v2\/comments?post=5619"}],"version-history":[{"count":1,"href":"https:\/\/oasisfm935.com.ar\/site\/wp-json\/wp\/v2\/posts\/5619\/revisions"}],"predecessor-version":[{"id":5622,"href":"https:\/\/oasisfm935.com.ar\/site\/wp-json\/wp\/v2\/posts\/5619\/revisions\/5622"}],"wp:featuredmedia":[{"embeddable":true,"href":"https:\/\/oasisfm935.com.ar\/site\/wp-json\/wp\/v2\/media\/5621"}],"wp:attachment":[{"href":"https:\/\/oasisfm935.com.ar\/site\/wp-json\/wp\/v2\/media?parent=5619"}],"wp:term":[{"taxonomy":"category","embeddable":true,"href":"https:\/\/oasisfm935.com.ar\/site\/wp-json\/wp\/v2\/categories?post=5619"},{"taxonomy":"post_tag","embeddable":true,"href":"https:\/\/oasisfm935.com.ar\/site\/wp-json\/wp\/v2\/tags?post=5619"}],"curies":[{"name":"wp","href":"https:\/\/api.w.org\/{rel}","templated":true}]}}