{"id":5628,"date":"2020-07-22T09:41:07","date_gmt":"2020-07-22T12:41:07","guid":{"rendered":"http:\/\/oasisfm935.com\/site\/?p=5628"},"modified":"2020-07-22T09:48:22","modified_gmt":"2020-07-22T12:48:22","slug":"ingeniero-luiggi-el-frejupa-no-busca-alterar-ni-obstaculizar-el-acceso-libre-a-la-informacion","status":"publish","type":"post","link":"https:\/\/oasisfm935.com.ar\/site\/ingeniero-luiggi-el-frejupa-no-busca-alterar-ni-obstaculizar-el-acceso-libre-a-la-informacion\/","title":{"rendered":"Ingeniero Luiggi: \u201cEl FreJuPa no busca alterar ni obstaculizar el acceso libre a la informaci\u00f3n\u201d"},"content":{"rendered":"<p>El bloque del Frejupa le respondi\u00f3 al de la UCR que hab\u00eda cuestionado que \u201c<strong>se est\u00e1 coartando el derecho a la informaci\u00f3n p\u00fablica\u201d<\/strong>. \u00a0Frente a esta acusaci\u00f3n afirmaron que es \u201c<strong>totalmente falaz\u201d.<\/strong><\/p>\n<p>En un comunicado de prensa el bloque del PJ informo que \u201c<strong>el \u00a0pasado martes, 7 de Julio, reunidos en sesi\u00f3n ordinaria, tratamos, entre otras cuestiones, el manejo de la documentaci\u00f3n en el punto 8 del orden del\u00a0<\/strong>d\u00eda\u201d.<\/p>\n<p>\u201cEl acceso a la informaci\u00f3n p\u00fablica nos da la posibilidad, como ciudadanos, de obtener transparencia en los actos de gobierno y fomenta la participaci\u00f3n ciudadana como derecho colectivo\u201d, indicaron.<\/p>\n<p><strong>\u201cEste principio rector no se encuentra en discusi\u00f3n, pero es importante aclarar, que en ning\u00fan momento de la sesi\u00f3n se solicit\u00f3 la restricci\u00f3n o limitaci\u00f3n del acceso a la documentaci\u00f3n, esta informaci\u00f3n es totalmente falaz\u201d<\/strong>, afirmaron.<\/p>\n<p><a href=\"http:\/\/oasisfm935.com\/site\/wp-content\/uploads\/2020\/07\/b67e4865-318e-4966-8ef3-c96cf8f729fc-1.jpg\"><img loading=\"lazy\" decoding=\"async\" class=\"alignnone size-full wp-image-5631\" src=\"http:\/\/oasisfm935.com\/site\/wp-content\/uploads\/2020\/07\/b67e4865-318e-4966-8ef3-c96cf8f729fc-1.jpg\" alt=\"\" width=\"1280\" height=\"427\" srcset=\"https:\/\/oasisfm935.com.ar\/site\/wp-content\/uploads\/2020\/07\/b67e4865-318e-4966-8ef3-c96cf8f729fc-1.jpg 1280w, https:\/\/oasisfm935.com.ar\/site\/wp-content\/uploads\/2020\/07\/b67e4865-318e-4966-8ef3-c96cf8f729fc-1-300x100.jpg 300w, https:\/\/oasisfm935.com.ar\/site\/wp-content\/uploads\/2020\/07\/b67e4865-318e-4966-8ef3-c96cf8f729fc-1-1024x342.jpg 1024w, https:\/\/oasisfm935.com.ar\/site\/wp-content\/uploads\/2020\/07\/b67e4865-318e-4966-8ef3-c96cf8f729fc-1-768x256.jpg 768w\" sizes=\"auto, (max-width: 1280px) 100vw, 1280px\" \/><\/a><\/p>\n<p>El bloque del FreJuPa pidi\u00f3 que \u201cse articulen las v\u00edas de reclamo, el seguimiento de solicitudes y plazos, en fin, que se defina un marco regulatorio de ese procedimiento. As\u00ed lo establece el la ley 27.275 y su decreto reglamentario\u201d.<\/p>\n<p>Argumentaron que\u00a0<strong>\u201csi cualquier ciudadano pudiera disponer de la documentaci\u00f3n sin observar las formas, ejerciendo abusivamente su derecho o se valiera del lugar que ocupa en el desempe\u00f1o de sus tareas para obtenerla, el derecho de todos y todas a conocer los actos p\u00fablicos, estar\u00eda en riesgo\u201d<\/strong>.<\/p>\n<p>\u201cPara que esto no suceda, el cumplimiento de la ley debe ser absoluto,\u00a0 total, tomando las herramientas que ella nos brinda para que todo nuestro accionar sea de buena fe\u00bb, explicaron los concejales justicialistas.<\/p>\n<p><strong>\u201cEl FreJuPa no busca alterar ni obstaculizar el acceso libre e irrestricto de la documentaci\u00f3n bajo la guarda del Concejo, sino que pretendemos instar un manejo responsable del mismo\u201d,<\/strong>\u00a0aclararon.<\/p>\n<p>\u201c<strong>Si buscamos transparencia pensemos en promoverla, honestamente, desde la pr\u00e1ctica\u201d,<\/strong>\u00a0concluyeron los ediles oficialistas ante el cuestionamiento del bloque de la UCR.<\/p>\n<p>&nbsp;<\/p>\n<p>fuente: Zonal Noticias<\/p>\n<div class=\"oasis-despues-del-contenido\" id=\"oasis-3228701981\"><img loading=\"lazy\" decoding=\"async\" src=\"https:\/\/oasisfm935.com.ar\/site\/wp-content\/uploads\/2020\/08\/47806202-8741-49f2-a5c9-d2f930e5baa1.jpg\" alt=\"\"  srcset=\"https:\/\/oasisfm935.com.ar\/site\/wp-content\/uploads\/2020\/08\/47806202-8741-49f2-a5c9-d2f930e5baa1.jpg 1080w, https:\/\/oasisfm935.com.ar\/site\/wp-content\/uploads\/2020\/08\/47806202-8741-49f2-a5c9-d2f930e5baa1-300x300.jpg 300w, https:\/\/oasisfm935.com.ar\/site\/wp-content\/uploads\/2020\/08\/47806202-8741-49f2-a5c9-d2f930e5baa1-1024x1024.jpg 1024w, https:\/\/oasisfm935.com.ar\/site\/wp-content\/uploads\/2020\/08\/47806202-8741-49f2-a5c9-d2f930e5baa1-150x150.jpg 150w, https:\/\/oasisfm935.com.ar\/site\/wp-content\/uploads\/2020\/08\/47806202-8741-49f2-a5c9-d2f930e5baa1-768x768.jpg 768w\" sizes=\"(max-width: 1080px) 100vw, 1080px\" class=\"no-lazyload\" width=\"1080\" height=\"1080\"  style=\"display: inline-block;\" \/><\/div>","protected":false},"excerpt":{"rendered":"<p>El bloque del Frejupa le respondi\u00f3 al de la UCR que hab\u00eda cuestionado que \u201cse est\u00e1 coartando el derecho a la informaci\u00f3n<\/p>\n","protected":false},"author":4,"featured_media":5633,"comment_status":"closed","ping_status":"open","sticky":false,"template":"","format":"standard","meta":{"colormag_page_layout":"default_layout","footnotes":""},"categories":[2],"tags":[],"class_list":["post-5628","post","type-post","status-publish","format-standard","has-post-thumbnail","hentry","category-noticias"],"_links":{"self":[{"href":"https:\/\/oasisfm935.com.ar\/site\/wp-json\/wp\/v2\/posts\/5628","targetHints":{"allow":["GET"]}}],"collection":[{"href":"https:\/\/oasisfm935.com.ar\/site\/wp-json\/wp\/v2\/posts"}],"about":[{"href":"https:\/\/oasisfm935.com.ar\/site\/wp-json\/wp\/v2\/types\/post"}],"author":[{"embeddable":true,"href":"https:\/\/oasisfm935.com.ar\/site\/wp-json\/wp\/v2\/users\/4"}],"replies":[{"embeddable":true,"href":"https:\/\/oasisfm935.com.ar\/site\/wp-json\/wp\/v2\/comments?post=5628"}],"version-history":[{"count":2,"href":"https:\/\/oasisfm935.com.ar\/site\/wp-json\/wp\/v2\/posts\/5628\/revisions"}],"predecessor-version":[{"id":5632,"href":"https:\/\/oasisfm935.com.ar\/site\/wp-json\/wp\/v2\/posts\/5628\/revisions\/5632"}],"wp:featuredmedia":[{"embeddable":true,"href":"https:\/\/oasisfm935.com.ar\/site\/wp-json\/wp\/v2\/media\/5633"}],"wp:attachment":[{"href":"https:\/\/oasisfm935.com.ar\/site\/wp-json\/wp\/v2\/media?parent=5628"}],"wp:term":[{"taxonomy":"category","embeddable":true,"href":"https:\/\/oasisfm935.com.ar\/site\/wp-json\/wp\/v2\/categories?post=5628"},{"taxonomy":"post_tag","embeddable":true,"href":"https:\/\/oasisfm935.com.ar\/site\/wp-json\/wp\/v2\/tags?post=5628"}],"curies":[{"name":"wp","href":"https:\/\/api.w.org\/{rel}","templated":true}]}}