{"id":5634,"date":"2020-07-22T12:06:27","date_gmt":"2020-07-22T15:06:27","guid":{"rendered":"http:\/\/oasisfm935.com\/site\/?p=5634"},"modified":"2020-07-22T12:06:27","modified_gmt":"2020-07-22T15:06:27","slug":"la-pampa-ziliotto-anuncia-esta-tarde-el-plan-de-1000-viviendas","status":"publish","type":"post","link":"https:\/\/oasisfm935.com.ar\/site\/la-pampa-ziliotto-anuncia-esta-tarde-el-plan-de-1000-viviendas\/","title":{"rendered":"La Pampa: Ziliotto anuncia esta tarde el plan de 1000 viviendas"},"content":{"rendered":"<p>El gobernador\u00a0<strong>Sergio Ziliotto<\/strong>\u00a0anunciar\u00e1 esta tarde el\u00a0<strong>plan provincial de 1000 viviendas<\/strong>\u00a0que hab\u00eda adelantado en su discurso de apertura de sesiones ordinarias de la Legislatura en marzo pasado, pero que por la pandemia del coronavirus se retras\u00f3.<\/p>\n<p>El anuncio oficial se har\u00e1 en una conferencia de prensa esta tarde, desde el Sal\u00f3n de Acuerdos de Casa de Gobierno.<\/p>\n<p><strong>El plan prev\u00e9 la construcci\u00f3n de 1000 viviendas sociales, con una inversi\u00f3n que a marzo de este a\u00f1o implicaban 2000 millones de pesos. Se har\u00e1 con fondos\u00a0provinciales y dinero proveniente de parte de la deuda del Gobierno nacional.<\/strong><\/p>\n<p>La mitad de las casas ser\u00e1n construidas a trav\u00e9s de la operatoria\u00a0<strong>Mi Casa<\/strong>, para localidades de menos de 10 mil habitantes, y se incrementar\u00e1\u00a0el aporte del Gobierno provincial llev\u00e1ndolo al 75% del costo actualizado de cada vivienda.\u00a0El resto de las unidades habitacionales ser\u00e1n ejecutadas en Santa Rosa, General Pico, General Acha y Toay, a trav\u00e9s de un plan con caracter\u00edsticas similares al tradicional Fonavi.<\/p>\n<p>Ziliotto aclar\u00f3 en aquella oportunidad que esta no es la soluci\u00f3n definitiva al problema habitacional, pero s\u00ed es un paliativo hasta tanto se restablezca el Fonavi, financiado por el Gobierno nacional.<\/p>\n<div class=\"oasis-despues-del-contenido\" id=\"oasis-2935024563\"><img loading=\"lazy\" decoding=\"async\" src=\"https:\/\/oasisfm935.com.ar\/site\/wp-content\/uploads\/2020\/08\/47806202-8741-49f2-a5c9-d2f930e5baa1.jpg\" alt=\"\"  srcset=\"https:\/\/oasisfm935.com.ar\/site\/wp-content\/uploads\/2020\/08\/47806202-8741-49f2-a5c9-d2f930e5baa1.jpg 1080w, https:\/\/oasisfm935.com.ar\/site\/wp-content\/uploads\/2020\/08\/47806202-8741-49f2-a5c9-d2f930e5baa1-300x300.jpg 300w, https:\/\/oasisfm935.com.ar\/site\/wp-content\/uploads\/2020\/08\/47806202-8741-49f2-a5c9-d2f930e5baa1-1024x1024.jpg 1024w, https:\/\/oasisfm935.com.ar\/site\/wp-content\/uploads\/2020\/08\/47806202-8741-49f2-a5c9-d2f930e5baa1-150x150.jpg 150w, https:\/\/oasisfm935.com.ar\/site\/wp-content\/uploads\/2020\/08\/47806202-8741-49f2-a5c9-d2f930e5baa1-768x768.jpg 768w\" sizes=\"(max-width: 1080px) 100vw, 1080px\" class=\"no-lazyload\" width=\"1080\" height=\"1080\"  style=\"display: inline-block;\" \/><\/div>","protected":false},"excerpt":{"rendered":"<p>El gobernador\u00a0Sergio Ziliotto\u00a0anunciar\u00e1 esta tarde el\u00a0plan provincial de 1000 viviendas\u00a0que hab\u00eda adelantado en su discurso de apertura de sesiones ordinarias de la<\/p>\n","protected":false},"author":4,"featured_media":5286,"comment_status":"closed","ping_status":"open","sticky":false,"template":"","format":"standard","meta":{"colormag_page_layout":"default_layout","footnotes":""},"categories":[2],"tags":[],"class_list":["post-5634","post","type-post","status-publish","format-standard","has-post-thumbnail","hentry","category-noticias"],"_links":{"self":[{"href":"https:\/\/oasisfm935.com.ar\/site\/wp-json\/wp\/v2\/posts\/5634","targetHints":{"allow":["GET"]}}],"collection":[{"href":"https:\/\/oasisfm935.com.ar\/site\/wp-json\/wp\/v2\/posts"}],"about":[{"href":"https:\/\/oasisfm935.com.ar\/site\/wp-json\/wp\/v2\/types\/post"}],"author":[{"embeddable":true,"href":"https:\/\/oasisfm935.com.ar\/site\/wp-json\/wp\/v2\/users\/4"}],"replies":[{"embeddable":true,"href":"https:\/\/oasisfm935.com.ar\/site\/wp-json\/wp\/v2\/comments?post=5634"}],"version-history":[{"count":1,"href":"https:\/\/oasisfm935.com.ar\/site\/wp-json\/wp\/v2\/posts\/5634\/revisions"}],"predecessor-version":[{"id":5635,"href":"https:\/\/oasisfm935.com.ar\/site\/wp-json\/wp\/v2\/posts\/5634\/revisions\/5635"}],"wp:featuredmedia":[{"embeddable":true,"href":"https:\/\/oasisfm935.com.ar\/site\/wp-json\/wp\/v2\/media\/5286"}],"wp:attachment":[{"href":"https:\/\/oasisfm935.com.ar\/site\/wp-json\/wp\/v2\/media?parent=5634"}],"wp:term":[{"taxonomy":"category","embeddable":true,"href":"https:\/\/oasisfm935.com.ar\/site\/wp-json\/wp\/v2\/categories?post=5634"},{"taxonomy":"post_tag","embeddable":true,"href":"https:\/\/oasisfm935.com.ar\/site\/wp-json\/wp\/v2\/tags?post=5634"}],"curies":[{"name":"wp","href":"https:\/\/api.w.org\/{rel}","templated":true}]}}