{"id":5640,"date":"2020-07-22T18:45:30","date_gmt":"2020-07-22T21:45:30","guid":{"rendered":"http:\/\/oasisfm935.com\/site\/?p=5640"},"modified":"2020-07-22T18:45:30","modified_gmt":"2020-07-22T21:45:30","slug":"la-pampa-ziliotto-anuncio-un-plan-de-1-000-viviendas-sociales","status":"publish","type":"post","link":"https:\/\/oasisfm935.com.ar\/site\/la-pampa-ziliotto-anuncio-un-plan-de-1-000-viviendas-sociales\/","title":{"rendered":"La Pampa: Ziliotto anunci\u00f3 un plan de 1.000 viviendas sociales"},"content":{"rendered":"<p>El gobernado anticip\u00f3 que se har\u00e1 una inversi\u00f3n de 2.900 millones de pesos.\u00a0<strong>Se har\u00e1n 560 en localidades de menos de 10 mil habitantes y 460 en ciudades m\u00e1s grandes<\/strong>. En septiembre la cuota ser\u00e1 de $1.000 por mes.<\/p>\n<p>El gobernador Sergio Ziliotto anunci\u00f3 que, con una inversi\u00f3n de 2.900 millones de pesos, implementar\u00e1 un plan de 1.000 viviendas sociales en la provincia.\u00a0\u00a0<strong>Se har\u00e1n 560 en localidades de menos de 10 mil habitantes y 460 en ciudades m\u00e1s grandes<\/strong>.<\/p>\n<p>Durante una conferencia que encabez\u00f3 este mi\u00e9rcoles por la tarde, Ziliotto anticip\u00f3 que las viviendas que se har\u00e1n en las localidades con menos de 10 mil habitantes ser\u00e1n financiadas<strong>\u00a0\u00abel 100% por el estado provincial\u00bb.<\/strong><\/p>\n<p>Adem\u00e1s, anticip\u00f3 un nuevo m\u00e9todo de c\u00e1lculo de la cuota mensual y una nueva etapa en el empadronamiento de personas postulantes \u00abteniendo en cuenta la situaci\u00f3n socioecon\u00f3mica de todo el n\u00facleo familiar\u00bb.<\/p>\n<p>\u00abTodas las personas que est\u00e9n inscriptas, deber\u00e1n volver a anotarse. Lo vamos a hacer de manera remota y vamos a habilitar el sistema para la actualizaci\u00f3n personalizada\u00bb, resalt\u00f3.<\/p>\n<p>Ziliotto<strong>\u00a0\u00abestim\u00f3 que se generar\u00e1n entre 2 y 2,5 personas por vivienda en todo su tiempo de construcci\u00f3n\u00bb\u00a0<\/strong>y las obras las har\u00e1n<strong>\u00a0\u00abPyMes pampeanas\u00bb.<\/strong><\/p>\n<p>\u00abLa pandemia nos corri\u00f3 el arco, iniciamos con las viviendas sociales, pero no abandonamos las necesidades de la clase media\u00bb, asever\u00f3 ante una pregunta por el sector de la sociedad que no accede a una casa del organismo provincial ni a un cr\u00e9dito bancario.<\/p>\n<p>Durante el anuncio, el gobernador estuvo acompa\u00f1ado del ministro de Obras P\u00fablicas,\u00a0<strong>Juan Ram\u00f3n Garay<\/strong>, el Titular del IPAV,\u00a0<strong>Jorge Lezcano<\/strong>\u00a0y la gerenta de Ajdudicaciones del organismo,\u00a0<strong>Erica Riboyra<\/strong>. Por teleconferencia participaron\u00a0<strong>la mayor\u00eda de los y las intendentas<\/strong>\u00a0de la provincia.<\/p>\n<p><strong>Definiciones.<\/strong><\/p>\n<p>El primer mandatario se\u00f1al\u00f3 que \u00abes muy dif\u00edcil encontrar el equilibrio en la salud y la econom\u00eda. D\u00eda a d\u00eda luchamos contra eso y tratamos de avanzar. Estamos con una apertura muy importante de la actividad econ\u00f3mica. Tanto el gobierno provincial como los jefes y jefas comunales plantearon otro objetivo\u00bb.<\/p>\n<p>\u00abPor eso es que hoy ponemos en marcha la gesti\u00f3n que hab\u00edamos planificados. Hablamos de reactivar la econom\u00eda y sabemos que el m\u00e1s dinamizador es la obra p\u00fablica, y dentro de ella,la construcci\u00f3n de viviendas. Que no solo da empleo, genera actividad econ\u00f3mica, sino que principalmente genera dignidad e inclusi\u00f3n social\u00bb, agreg\u00f3.<\/p>\n<p><strong>\u00abEstamos anunciando un plan provincial e viviendas para construir 1000 unidades habitacionales. El plan Mi casa tiene previsto invertir cerca de 2.900 millones de pesos, con dos operatorias, que hemos denominado \u00abMi Casa 1&#8243; que ejecutan los municipios con menos de 10 mil habitantes, donde vamos a destinar 560 viviendas, con un 100% de financiaci\u00f3n provincial\u00bb<\/strong>,dijo.<\/p>\n<p><strong>\u00abEl plan Mi Casa 2 construir\u00e1 440 viviendas, 210 en Santa Rosa, 120 en Pico, 40 en Toay, 40 en Achay, y 30 en Eduardo Castex\u00bb,<\/strong>\u00a0afirm\u00f3.<\/p>\n<p>Anticip\u00f3 que har\u00e1n un\u00a0<strong>\u201cpadr\u00f3n de postulantes entre los inscriptos en el IPAV. Una vez que lo tengamos elaborada, sin discriminar a nadie, las adjudicaciones ser\u00e1n por sorteo\u201d,<\/strong>\u00a0anunci\u00f3<\/p>\n<p>Anticip\u00f3 que se incrementar\u00e1 la cuota<strong>\u00a0\u00abpara permitir que siga la construcci\u00f3n de viviendas.\u00a0A partir del 1\u00b0 de septiembre la cuota m\u00ednima de las operatorias FONAVI ser\u00e1 de 1.000 pesos y en el mes de enero volveremos a actulizarlas y ah\u00ed determinaremos un sistema permanente de acutalizaci\u00f3n\u00bb<\/strong><\/p>\n<p>Sobre la demanda de vivienda, Riboyra explic\u00f3 que<strong>\u00a0\u00abEn Santa Rosa tenemos 3480 personas anotadas, 1930 en General Pico, 270 en Toay,\u00a0 606 en General Acha y 501 en Eduardo Castex\u00bb\u00a0<\/strong>y dijo que la recaudaci\u00f3n en el mes de junio fue del\u00a0<strong>\u00ab48% del padr\u00f3n\u00bb.<\/strong><\/p>\n<div class=\"oasis-despues-del-contenido\" id=\"oasis-2348881574\"><img loading=\"lazy\" decoding=\"async\" src=\"https:\/\/oasisfm935.com.ar\/site\/wp-content\/uploads\/2020\/08\/47806202-8741-49f2-a5c9-d2f930e5baa1.jpg\" alt=\"\"  srcset=\"https:\/\/oasisfm935.com.ar\/site\/wp-content\/uploads\/2020\/08\/47806202-8741-49f2-a5c9-d2f930e5baa1.jpg 1080w, https:\/\/oasisfm935.com.ar\/site\/wp-content\/uploads\/2020\/08\/47806202-8741-49f2-a5c9-d2f930e5baa1-300x300.jpg 300w, https:\/\/oasisfm935.com.ar\/site\/wp-content\/uploads\/2020\/08\/47806202-8741-49f2-a5c9-d2f930e5baa1-1024x1024.jpg 1024w, https:\/\/oasisfm935.com.ar\/site\/wp-content\/uploads\/2020\/08\/47806202-8741-49f2-a5c9-d2f930e5baa1-150x150.jpg 150w, https:\/\/oasisfm935.com.ar\/site\/wp-content\/uploads\/2020\/08\/47806202-8741-49f2-a5c9-d2f930e5baa1-768x768.jpg 768w\" sizes=\"(max-width: 1080px) 100vw, 1080px\" class=\"no-lazyload\" width=\"1080\" height=\"1080\"  style=\"display: inline-block;\" \/><\/div>","protected":false},"excerpt":{"rendered":"<p>El gobernado anticip\u00f3 que se har\u00e1 una inversi\u00f3n de 2.900 millones de pesos.\u00a0Se har\u00e1n 560 en localidades de menos de 10 mil<\/p>\n","protected":false},"author":4,"featured_media":5641,"comment_status":"closed","ping_status":"open","sticky":false,"template":"","format":"standard","meta":{"colormag_page_layout":"default_layout","footnotes":""},"categories":[2],"tags":[],"class_list":["post-5640","post","type-post","status-publish","format-standard","has-post-thumbnail","hentry","category-noticias"],"_links":{"self":[{"href":"https:\/\/oasisfm935.com.ar\/site\/wp-json\/wp\/v2\/posts\/5640","targetHints":{"allow":["GET"]}}],"collection":[{"href":"https:\/\/oasisfm935.com.ar\/site\/wp-json\/wp\/v2\/posts"}],"about":[{"href":"https:\/\/oasisfm935.com.ar\/site\/wp-json\/wp\/v2\/types\/post"}],"author":[{"embeddable":true,"href":"https:\/\/oasisfm935.com.ar\/site\/wp-json\/wp\/v2\/users\/4"}],"replies":[{"embeddable":true,"href":"https:\/\/oasisfm935.com.ar\/site\/wp-json\/wp\/v2\/comments?post=5640"}],"version-history":[{"count":1,"href":"https:\/\/oasisfm935.com.ar\/site\/wp-json\/wp\/v2\/posts\/5640\/revisions"}],"predecessor-version":[{"id":5642,"href":"https:\/\/oasisfm935.com.ar\/site\/wp-json\/wp\/v2\/posts\/5640\/revisions\/5642"}],"wp:featuredmedia":[{"embeddable":true,"href":"https:\/\/oasisfm935.com.ar\/site\/wp-json\/wp\/v2\/media\/5641"}],"wp:attachment":[{"href":"https:\/\/oasisfm935.com.ar\/site\/wp-json\/wp\/v2\/media?parent=5640"}],"wp:term":[{"taxonomy":"category","embeddable":true,"href":"https:\/\/oasisfm935.com.ar\/site\/wp-json\/wp\/v2\/categories?post=5640"},{"taxonomy":"post_tag","embeddable":true,"href":"https:\/\/oasisfm935.com.ar\/site\/wp-json\/wp\/v2\/tags?post=5640"}],"curies":[{"name":"wp","href":"https:\/\/api.w.org\/{rel}","templated":true}]}}