{"id":5646,"date":"2020-07-23T11:48:36","date_gmt":"2020-07-23T14:48:36","guid":{"rendered":"http:\/\/oasisfm935.com\/site\/?p=5646"},"modified":"2020-07-23T11:49:44","modified_gmt":"2020-07-23T14:49:44","slug":"el-ife-3-comenzara-a-pagarse-el-10-de-agosto","status":"publish","type":"post","link":"https:\/\/oasisfm935.com.ar\/site\/el-ife-3-comenzara-a-pagarse-el-10-de-agosto\/","title":{"rendered":"El IFE 3 comenzar\u00e1 a pagarse el 10 de agosto"},"content":{"rendered":"<p>La Administraci\u00f3n Nacional de la Seguridad Social (Anses) inform\u00f3 hoy que,\u00a0<strong>a partir del 10 de agosto pr\u00f3ximo, se realizar\u00e1 el pago de la tercera ronda del Ingreso Familiar de Emergencia (IFE) de $ 10.000.<\/strong><\/p>\n<p>A trav\u00e9s de un comunicado, la Anses precis\u00f3 que \u201cel mismo se abonar\u00e1 en conjunto con el cronograma de pago de la Asignaci\u00f3n Universal por Hijo (AUH)\u201d.<\/p>\n<p>\u00abEl IFE est\u00e1 destinado a cuidar en materia econ\u00f3mica y social a las familias de los sectores m\u00e1s vulnerables que se ven afectadas por la emergencia sanitaria creada por el coronavirus\u201d, destac\u00f3.<\/p>\n<p>Asimismo, puntualiz\u00f3 que \u201cel bono volver\u00e1 a llegar a casi 9 millones de personas\u201d como lo hizo en las dos primeras rondas.<\/p>\n<div class=\"oasis-despues-del-contenido\" id=\"oasis-919246472\"><img loading=\"lazy\" decoding=\"async\" src=\"https:\/\/oasisfm935.com.ar\/site\/wp-content\/uploads\/2020\/08\/47806202-8741-49f2-a5c9-d2f930e5baa1.jpg\" alt=\"\"  srcset=\"https:\/\/oasisfm935.com.ar\/site\/wp-content\/uploads\/2020\/08\/47806202-8741-49f2-a5c9-d2f930e5baa1.jpg 1080w, https:\/\/oasisfm935.com.ar\/site\/wp-content\/uploads\/2020\/08\/47806202-8741-49f2-a5c9-d2f930e5baa1-300x300.jpg 300w, https:\/\/oasisfm935.com.ar\/site\/wp-content\/uploads\/2020\/08\/47806202-8741-49f2-a5c9-d2f930e5baa1-1024x1024.jpg 1024w, https:\/\/oasisfm935.com.ar\/site\/wp-content\/uploads\/2020\/08\/47806202-8741-49f2-a5c9-d2f930e5baa1-150x150.jpg 150w, https:\/\/oasisfm935.com.ar\/site\/wp-content\/uploads\/2020\/08\/47806202-8741-49f2-a5c9-d2f930e5baa1-768x768.jpg 768w\" sizes=\"(max-width: 1080px) 100vw, 1080px\" class=\"no-lazyload\" width=\"1080\" height=\"1080\"  style=\"display: inline-block;\" \/><\/div>","protected":false},"excerpt":{"rendered":"<p>La Administraci\u00f3n Nacional de la Seguridad Social (Anses) inform\u00f3 hoy que,\u00a0a partir del 10 de agosto pr\u00f3ximo, se realizar\u00e1 el pago de<\/p>\n","protected":false},"author":4,"featured_media":5647,"comment_status":"closed","ping_status":"open","sticky":false,"template":"","format":"standard","meta":{"colormag_page_layout":"default_layout","footnotes":""},"categories":[2],"tags":[],"class_list":["post-5646","post","type-post","status-publish","format-standard","has-post-thumbnail","hentry","category-noticias"],"_links":{"self":[{"href":"https:\/\/oasisfm935.com.ar\/site\/wp-json\/wp\/v2\/posts\/5646","targetHints":{"allow":["GET"]}}],"collection":[{"href":"https:\/\/oasisfm935.com.ar\/site\/wp-json\/wp\/v2\/posts"}],"about":[{"href":"https:\/\/oasisfm935.com.ar\/site\/wp-json\/wp\/v2\/types\/post"}],"author":[{"embeddable":true,"href":"https:\/\/oasisfm935.com.ar\/site\/wp-json\/wp\/v2\/users\/4"}],"replies":[{"embeddable":true,"href":"https:\/\/oasisfm935.com.ar\/site\/wp-json\/wp\/v2\/comments?post=5646"}],"version-history":[{"count":1,"href":"https:\/\/oasisfm935.com.ar\/site\/wp-json\/wp\/v2\/posts\/5646\/revisions"}],"predecessor-version":[{"id":5648,"href":"https:\/\/oasisfm935.com.ar\/site\/wp-json\/wp\/v2\/posts\/5646\/revisions\/5648"}],"wp:featuredmedia":[{"embeddable":true,"href":"https:\/\/oasisfm935.com.ar\/site\/wp-json\/wp\/v2\/media\/5647"}],"wp:attachment":[{"href":"https:\/\/oasisfm935.com.ar\/site\/wp-json\/wp\/v2\/media?parent=5646"}],"wp:term":[{"taxonomy":"category","embeddable":true,"href":"https:\/\/oasisfm935.com.ar\/site\/wp-json\/wp\/v2\/categories?post=5646"},{"taxonomy":"post_tag","embeddable":true,"href":"https:\/\/oasisfm935.com.ar\/site\/wp-json\/wp\/v2\/tags?post=5646"}],"curies":[{"name":"wp","href":"https:\/\/api.w.org\/{rel}","templated":true}]}}