{"id":5653,"date":"2020-07-23T17:11:53","date_gmt":"2020-07-23T20:11:53","guid":{"rendered":"http:\/\/oasisfm935.com\/site\/?p=5653"},"modified":"2020-07-23T17:11:53","modified_gmt":"2020-07-23T20:11:53","slug":"covid-19-confirmaron-dos-nuevos-casos-en-la-pampa","status":"publish","type":"post","link":"https:\/\/oasisfm935.com.ar\/site\/covid-19-confirmaron-dos-nuevos-casos-en-la-pampa\/","title":{"rendered":"COVID-19: confirmaron dos nuevos casos en La Pampa"},"content":{"rendered":"<p><strong>Se trata de\u00a0 dos personas de Catril\u00f3.\u00a0Esta situaci\u00f3n no cambia el estatus epidemiol\u00f3gico provincial (libre de circulaci\u00f3n viral).<\/strong><\/p>\n<p><strong>El Gobierno de la provincia de La Pampa inform\u00f3 que en el d\u00eda de la fecha se han confirmado el noveno y d\u00e9cimo caso positivo de coronavirus COVID-19.<\/strong><\/p>\n<p>Se trata de dos casos de presentaci\u00f3n cl\u00ednica leve en Catril\u00f3Ante esta circunstancia integrantes de la Direcci\u00f3n de Epidemiolog\u00eda viajaron a la mencionada localidad para realizar la investigaci\u00f3n epidemiol\u00f3gica junto al equipo local y tomar las medidas de prevenci\u00f3n y control pertinentes.<\/p>\n<p>Esta situaci\u00f3n no cambia el estatus epidemiol\u00f3gico provincial (libre de circulaci\u00f3n viral).<\/p>\n<p>Se record\u00f3 que en territorio pampeano tiene continuidad el distanciamiento social, preventivo y obligatorio consistente en que las personas deben mantener entre ellas una distancia m\u00ednima de DOS (2) metros, utilizar tapabocas en espacios compartidos, higienizarse asiduamente las manos, toser en el pliegue del codo, desinfectar las superficies, ventilar los ambientes, dar estricto cumplimiento a los protocolos de actividades y a las recomendaciones e instrucciones de las autoridades sanitarias provinciales y nacionales.<\/p>\n<div class=\"oasis-despues-del-contenido\" id=\"oasis-3592240302\"><img loading=\"lazy\" decoding=\"async\" src=\"https:\/\/oasisfm935.com.ar\/site\/wp-content\/uploads\/2020\/08\/47806202-8741-49f2-a5c9-d2f930e5baa1.jpg\" alt=\"\"  srcset=\"https:\/\/oasisfm935.com.ar\/site\/wp-content\/uploads\/2020\/08\/47806202-8741-49f2-a5c9-d2f930e5baa1.jpg 1080w, https:\/\/oasisfm935.com.ar\/site\/wp-content\/uploads\/2020\/08\/47806202-8741-49f2-a5c9-d2f930e5baa1-300x300.jpg 300w, https:\/\/oasisfm935.com.ar\/site\/wp-content\/uploads\/2020\/08\/47806202-8741-49f2-a5c9-d2f930e5baa1-1024x1024.jpg 1024w, https:\/\/oasisfm935.com.ar\/site\/wp-content\/uploads\/2020\/08\/47806202-8741-49f2-a5c9-d2f930e5baa1-150x150.jpg 150w, https:\/\/oasisfm935.com.ar\/site\/wp-content\/uploads\/2020\/08\/47806202-8741-49f2-a5c9-d2f930e5baa1-768x768.jpg 768w\" sizes=\"(max-width: 1080px) 100vw, 1080px\" class=\"no-lazyload\" width=\"1080\" height=\"1080\"  style=\"display: inline-block;\" \/><\/div>","protected":false},"excerpt":{"rendered":"<p>Se trata de\u00a0 dos personas de Catril\u00f3.\u00a0Esta situaci\u00f3n no cambia el estatus epidemiol\u00f3gico provincial (libre de circulaci\u00f3n viral). El Gobierno de la<\/p>\n","protected":false},"author":4,"featured_media":5654,"comment_status":"closed","ping_status":"open","sticky":false,"template":"","format":"standard","meta":{"colormag_page_layout":"default_layout","footnotes":""},"categories":[2],"tags":[],"class_list":["post-5653","post","type-post","status-publish","format-standard","has-post-thumbnail","hentry","category-noticias"],"_links":{"self":[{"href":"https:\/\/oasisfm935.com.ar\/site\/wp-json\/wp\/v2\/posts\/5653","targetHints":{"allow":["GET"]}}],"collection":[{"href":"https:\/\/oasisfm935.com.ar\/site\/wp-json\/wp\/v2\/posts"}],"about":[{"href":"https:\/\/oasisfm935.com.ar\/site\/wp-json\/wp\/v2\/types\/post"}],"author":[{"embeddable":true,"href":"https:\/\/oasisfm935.com.ar\/site\/wp-json\/wp\/v2\/users\/4"}],"replies":[{"embeddable":true,"href":"https:\/\/oasisfm935.com.ar\/site\/wp-json\/wp\/v2\/comments?post=5653"}],"version-history":[{"count":1,"href":"https:\/\/oasisfm935.com.ar\/site\/wp-json\/wp\/v2\/posts\/5653\/revisions"}],"predecessor-version":[{"id":5655,"href":"https:\/\/oasisfm935.com.ar\/site\/wp-json\/wp\/v2\/posts\/5653\/revisions\/5655"}],"wp:featuredmedia":[{"embeddable":true,"href":"https:\/\/oasisfm935.com.ar\/site\/wp-json\/wp\/v2\/media\/5654"}],"wp:attachment":[{"href":"https:\/\/oasisfm935.com.ar\/site\/wp-json\/wp\/v2\/media?parent=5653"}],"wp:term":[{"taxonomy":"category","embeddable":true,"href":"https:\/\/oasisfm935.com.ar\/site\/wp-json\/wp\/v2\/categories?post=5653"},{"taxonomy":"post_tag","embeddable":true,"href":"https:\/\/oasisfm935.com.ar\/site\/wp-json\/wp\/v2\/tags?post=5653"}],"curies":[{"name":"wp","href":"https:\/\/api.w.org\/{rel}","templated":true}]}}