{"id":5656,"date":"2020-07-23T20:37:08","date_gmt":"2020-07-23T23:37:08","guid":{"rendered":"http:\/\/oasisfm935.com\/site\/?p=5656"},"modified":"2020-07-23T20:37:08","modified_gmt":"2020-07-23T23:37:08","slug":"catrilo-vuelve-a-la-fase-1-porque-se-detectaron-30-contactos-estrechos","status":"publish","type":"post","link":"https:\/\/oasisfm935.com.ar\/site\/catrilo-vuelve-a-la-fase-1-porque-se-detectaron-30-contactos-estrechos\/","title":{"rendered":"Catril\u00f3 vuelve a la Fase 1 porque se detectaron 30 contactos estrechos"},"content":{"rendered":"<p>Es por los dos casos de coronavirus detectados este jueves. La restricci\u00f3n de la circulaci\u00f3n es total y solo quedan habilitados los negocios esenciales.\u00a0<strong>Alerta en Loquimay<\/strong>.<\/p>\n<p>El Gobierno Provincial tom\u00f3 este jueves la decisi\u00f3n de que la localidad de Catril\u00f3 vuelva a la fase 1.<\/p>\n<p><strong>\u00abLa decisi\u00f3n se basa en los dos casos positivos registrados en las \u00faltimas horas, y a que en una primera pesquisa epidemiol\u00f3gica se determin\u00f3 la existencia de al menos 30 contactos estrechos\u00bb<\/strong>, se indic\u00f3 oficialmente.<\/p>\n<p>De acuerdo a lo que pudo saber\u00a0<strong>El Diario<\/strong>, el hombre contagiado\u00a0<strong>es empleado en una de las empresas m\u00e1s importantes de Catril\u00f3<\/strong>. Lo que explicar\u00eda el amplio rango de los contactos estrechos.\u00a0<strong>\u00abLa mayor\u00eda de las personas que tuvieron contacto, incluso su c\u00edrculo de amigos m\u00e1s cercanos, van a ser trasladadas al hotel El Faro de Santa Rosa\u00bb<\/strong>, confi\u00f3 una fuente.<\/p>\n<p><strong>La retracci\u00f3n a la fase 1 de la cuarentena implica que solo estar\u00e1n habilitados los negocios de venta de alimentos y farmacias<\/strong>.<\/p>\n<p>\u00abLa restricci\u00f3n de la circulaci\u00f3n es total y los ciudadanos solo deben adquirir dichos productos indispensables en comercios barriales, que no impliquen mayores desplazamientos de sus domicilios\u00bb, se aclar\u00f3 oficialmente.<\/p>\n<p><strong>Asimismo se proh\u00edbe la circulaci\u00f3n y permanencia en v\u00edas y espacios p\u00fablicos, a fin de prevenir la circulaci\u00f3n y el contagio del virus<\/strong>.<\/p>\n<p>\u00abEl ministerio de Seguridad estableci\u00f3 en esta localidad un dispositivo especial para dar cumplimiento del r\u00e9gimen que establece la Fase 1\u00bb, agreg\u00f3 el mismo texto.<\/p>\n<p><strong>Alerta en Lonquimay<\/strong><\/p>\n<p>La cercan\u00eda entre Catril\u00f3 y Lonquimay gener\u00f3 tambi\u00e9n que se extremaran las medidas de cuidado y el respeto a los protocolos en esta \u00faltima localidad.<\/p>\n<p>\u00abSi bien en Lonquimay no se han registrado casos positivos, ni sospechosos, la proximidad y el v\u00ednculo social y comercial con Catril\u00f3 imponen extremar la responsabilidad social en todos los \u00e1mbitos, para evitar una posible diseminaci\u00f3n del virus\u00bb, resalt\u00f3 el comunicado de prensa dado a conocer este jueves a la noche por el Gobierno Provincial.<\/p>\n<div class=\"oasis-despues-del-contenido\" id=\"oasis-1883404909\"><img loading=\"lazy\" decoding=\"async\" src=\"https:\/\/oasisfm935.com.ar\/site\/wp-content\/uploads\/2020\/08\/47806202-8741-49f2-a5c9-d2f930e5baa1.jpg\" alt=\"\"  srcset=\"https:\/\/oasisfm935.com.ar\/site\/wp-content\/uploads\/2020\/08\/47806202-8741-49f2-a5c9-d2f930e5baa1.jpg 1080w, https:\/\/oasisfm935.com.ar\/site\/wp-content\/uploads\/2020\/08\/47806202-8741-49f2-a5c9-d2f930e5baa1-300x300.jpg 300w, https:\/\/oasisfm935.com.ar\/site\/wp-content\/uploads\/2020\/08\/47806202-8741-49f2-a5c9-d2f930e5baa1-1024x1024.jpg 1024w, https:\/\/oasisfm935.com.ar\/site\/wp-content\/uploads\/2020\/08\/47806202-8741-49f2-a5c9-d2f930e5baa1-150x150.jpg 150w, https:\/\/oasisfm935.com.ar\/site\/wp-content\/uploads\/2020\/08\/47806202-8741-49f2-a5c9-d2f930e5baa1-768x768.jpg 768w\" sizes=\"(max-width: 1080px) 100vw, 1080px\" class=\"no-lazyload\" width=\"1080\" height=\"1080\"  style=\"display: inline-block;\" \/><\/div>","protected":false},"excerpt":{"rendered":"<p>Es por los dos casos de coronavirus detectados este jueves. La restricci\u00f3n de la circulaci\u00f3n es total y solo quedan habilitados los<\/p>\n","protected":false},"author":4,"featured_media":5657,"comment_status":"closed","ping_status":"open","sticky":false,"template":"","format":"standard","meta":{"colormag_page_layout":"default_layout","footnotes":""},"categories":[2],"tags":[],"class_list":["post-5656","post","type-post","status-publish","format-standard","has-post-thumbnail","hentry","category-noticias"],"_links":{"self":[{"href":"https:\/\/oasisfm935.com.ar\/site\/wp-json\/wp\/v2\/posts\/5656","targetHints":{"allow":["GET"]}}],"collection":[{"href":"https:\/\/oasisfm935.com.ar\/site\/wp-json\/wp\/v2\/posts"}],"about":[{"href":"https:\/\/oasisfm935.com.ar\/site\/wp-json\/wp\/v2\/types\/post"}],"author":[{"embeddable":true,"href":"https:\/\/oasisfm935.com.ar\/site\/wp-json\/wp\/v2\/users\/4"}],"replies":[{"embeddable":true,"href":"https:\/\/oasisfm935.com.ar\/site\/wp-json\/wp\/v2\/comments?post=5656"}],"version-history":[{"count":1,"href":"https:\/\/oasisfm935.com.ar\/site\/wp-json\/wp\/v2\/posts\/5656\/revisions"}],"predecessor-version":[{"id":5658,"href":"https:\/\/oasisfm935.com.ar\/site\/wp-json\/wp\/v2\/posts\/5656\/revisions\/5658"}],"wp:featuredmedia":[{"embeddable":true,"href":"https:\/\/oasisfm935.com.ar\/site\/wp-json\/wp\/v2\/media\/5657"}],"wp:attachment":[{"href":"https:\/\/oasisfm935.com.ar\/site\/wp-json\/wp\/v2\/media?parent=5656"}],"wp:term":[{"taxonomy":"category","embeddable":true,"href":"https:\/\/oasisfm935.com.ar\/site\/wp-json\/wp\/v2\/categories?post=5656"},{"taxonomy":"post_tag","embeddable":true,"href":"https:\/\/oasisfm935.com.ar\/site\/wp-json\/wp\/v2\/tags?post=5656"}],"curies":[{"name":"wp","href":"https:\/\/api.w.org\/{rel}","templated":true}]}}