{"id":5664,"date":"2020-07-24T12:32:39","date_gmt":"2020-07-24T15:32:39","guid":{"rendered":"http:\/\/oasisfm935.com\/site\/?p=5664"},"modified":"2020-07-24T13:02:02","modified_gmt":"2020-07-24T16:02:02","slug":"covid-19-la-pampa-suspende-los-encuentros-familiares-y-sociales","status":"publish","type":"post","link":"https:\/\/oasisfm935.com.ar\/site\/covid-19-la-pampa-suspende-los-encuentros-familiares-y-sociales\/","title":{"rendered":"COVID-19: La Pampa suspende los encuentros familiares y sociales."},"content":{"rendered":"<p>El gobernador\u00a0<strong>Sergio Ziliotto<\/strong>\u00a0anunci\u00f3 este viernes al mediod\u00eda que por\u00a0<strong>el brote de coronavirus en Catril\u00f3<\/strong>\u00a0fueron\u00a0<strong>suspendidos, en forma preventiva y transitoriamente, los encuentros sociales y familiares y las actividades gastron\u00f3micas con atenci\u00f3n en locales<\/strong>. Tambi\u00e9n, dijo,<strong>\u00a0se suspendi\u00f3 la reapertura del Parque Luro<\/strong>, aunque sigue en pie la vuelta de\u00a0<strong>la hoteler\u00eda<\/strong>\u00a0y\u00a0<strong>del turismo interno<\/strong>.<\/p>\n<p>En el anuncio, realizado en el Sal\u00f3n de Acuerdos de Casa de Gobierno, estuvo acompa\u00f1ado por el vicegobernador Mariano Fern\u00e1ndez; el ministro de Salud, Rub\u00e9n Kohan; y el secretario de Trabajo, Marcelo Pedehonta\u00e1.<\/p>\n<p>Kohan dijo que<strong>\u00a0\u00abes obvio y no hay dudas\u00bb de que el brote en Catril\u00f3 fue generado por el contacto de un pampeano con un camionero de Pellegrini.<\/strong><\/p>\n<p>Ayer al mediod\u00eda se dieron a conocer los dos casos positivos de Covid-19 en Catril\u00f3. \u201cEl 90 por ciento de la actividad que desarrollaron estas personas fue en Catril\u00f3\u00bb, dijo Ziliotto. \u00abPor eso ayer decidimos que Catril\u00f3 vuelva a Fase 1, para evitar la propagaci\u00f3n del virus\u201d, dijo.<\/p>\n<p>Hoy se sumaron otros 12 positivos.\u00a0\u201c<strong>\u00bfQu\u00e9 pasa hoy con estos 12 casos positivos? Empezamos a buscar los casos estrechos. El tema es que esos casos estrechos exceden el \u00e1mbito de Catril\u00f3. Por eso, hemos tomado medidas preventivas: vamos a suspender en forma preventiva y transitoria las actividades que signifiquen aglomeraci\u00f3n de personas para que estos contactos estrechos, que estamos tratando de identificar<\/strong>\u201d, dijo.<\/p>\n<p><strong>De los 12 \u00faltimos positivos, ya hay 79 contactos estrechos.<\/strong>\u00a0\u201cY no solo pertenecen a Catril\u00f3. No se trata de estigmatizar a nadie. Se trata de focalizar\u201d, dijo Ziliotto.\u00a0\u201cNo son asesinos los que se contagiaron. Solo queremos que nos den informaci\u00f3n (de sus actividades y contactos) para focalizar\u201d, insisti\u00f3.<\/p>\n<p>\u201c<strong>Por eso, desde las 15 horas de este viernes, vamos a suspender los encuentros familiares y sociales y la actividad gastron\u00f3mica que significa atenci\u00f3n al p\u00fablico<\/strong>\u201d, dijo. \u00abLa actividad gastron\u00f3mica puede seguir en la modalidad de retiro de comida y por delivery\u00bb, aclar\u00f3.<\/p>\n<p>\u00bfPor cu\u00e1nto tiempo se implementar\u00e1n estas restricciones? \u00abNo lo sabemos\u00bb, respondi\u00f3 el gobernador. \u00abQueremos establecer cu\u00e1les fueron los contactos estrechos\u00bb.<\/p>\n<p><strong>\u00bfSin circulaci\u00f3n comunitaria del virus?<\/strong><\/p>\n<p>El ministro de Salud dijo que a\u00fan no han determinado que haya circulaci\u00f3n comunitaria del virus.\u00a0<strong>\u201cCuando una casa se incendia, se llena de humo la casa vecina\u201d<\/strong>, dijo Kohan. \u201c<strong>Se incendi\u00f3 Pellegrini y es l\u00f3gico que Catril\u00f3 se llene de humo<\/strong>. Ahora hay una gran recopilaci\u00f3n de datos. Si usted no me cuenta con qui\u00e9n se relacion\u00f3 mientras desarroll\u00f3 sus s\u00edntomas, no puedo hacer un control\u201d, dijo.<\/p>\n<p><strong>Caminos ilegales<\/strong><\/p>\n<p>Ziliotto admiti\u00f3 que este brote podr\u00eda haber sido generado por contactos de pobladores de Catril\u00f3 que\u00a0<strong>evadieron los controles y se comunicaban con Pellegrini a trav\u00e9s de caminos o pasos ilegales a trav\u00e9s del Meridiano V.<\/strong><\/p>\n<p>\u201cNo podemos tener un polic\u00eda en cada camino vecinal.\u00a0<strong>Lamentablemente por alguno que han utilizado caminos ilegales, Catril\u00f3 est\u00e1 en Fase 1<\/strong>\u201d, dijo.<strong>\u00a0\u00a0\u00abHay que analizar el rol de la sociedad m\u00e1s que de la Polic\u00eda\u00bb<\/strong>, dijo sobre el comportamiento de las fuerzas de seguridad en la zona lim\u00edtrofe.<\/p>\n<div class=\"oasis-despues-del-contenido\" id=\"oasis-423146792\"><img loading=\"lazy\" decoding=\"async\" src=\"https:\/\/oasisfm935.com.ar\/site\/wp-content\/uploads\/2020\/08\/47806202-8741-49f2-a5c9-d2f930e5baa1.jpg\" alt=\"\"  srcset=\"https:\/\/oasisfm935.com.ar\/site\/wp-content\/uploads\/2020\/08\/47806202-8741-49f2-a5c9-d2f930e5baa1.jpg 1080w, https:\/\/oasisfm935.com.ar\/site\/wp-content\/uploads\/2020\/08\/47806202-8741-49f2-a5c9-d2f930e5baa1-300x300.jpg 300w, https:\/\/oasisfm935.com.ar\/site\/wp-content\/uploads\/2020\/08\/47806202-8741-49f2-a5c9-d2f930e5baa1-1024x1024.jpg 1024w, https:\/\/oasisfm935.com.ar\/site\/wp-content\/uploads\/2020\/08\/47806202-8741-49f2-a5c9-d2f930e5baa1-150x150.jpg 150w, https:\/\/oasisfm935.com.ar\/site\/wp-content\/uploads\/2020\/08\/47806202-8741-49f2-a5c9-d2f930e5baa1-768x768.jpg 768w\" sizes=\"(max-width: 1080px) 100vw, 1080px\" class=\"no-lazyload\" width=\"1080\" height=\"1080\"  style=\"display: inline-block;\" \/><\/div>","protected":false},"excerpt":{"rendered":"<p>El gobernador\u00a0Sergio Ziliotto\u00a0anunci\u00f3 este viernes al mediod\u00eda que por\u00a0el brote de coronavirus en Catril\u00f3\u00a0fueron\u00a0suspendidos, en forma preventiva y transitoriamente, los encuentros sociales<\/p>\n","protected":false},"author":4,"featured_media":5524,"comment_status":"closed","ping_status":"open","sticky":false,"template":"","format":"standard","meta":{"colormag_page_layout":"default_layout","footnotes":""},"categories":[2],"tags":[],"class_list":["post-5664","post","type-post","status-publish","format-standard","has-post-thumbnail","hentry","category-noticias"],"_links":{"self":[{"href":"https:\/\/oasisfm935.com.ar\/site\/wp-json\/wp\/v2\/posts\/5664","targetHints":{"allow":["GET"]}}],"collection":[{"href":"https:\/\/oasisfm935.com.ar\/site\/wp-json\/wp\/v2\/posts"}],"about":[{"href":"https:\/\/oasisfm935.com.ar\/site\/wp-json\/wp\/v2\/types\/post"}],"author":[{"embeddable":true,"href":"https:\/\/oasisfm935.com.ar\/site\/wp-json\/wp\/v2\/users\/4"}],"replies":[{"embeddable":true,"href":"https:\/\/oasisfm935.com.ar\/site\/wp-json\/wp\/v2\/comments?post=5664"}],"version-history":[{"count":3,"href":"https:\/\/oasisfm935.com.ar\/site\/wp-json\/wp\/v2\/posts\/5664\/revisions"}],"predecessor-version":[{"id":5667,"href":"https:\/\/oasisfm935.com.ar\/site\/wp-json\/wp\/v2\/posts\/5664\/revisions\/5667"}],"wp:featuredmedia":[{"embeddable":true,"href":"https:\/\/oasisfm935.com.ar\/site\/wp-json\/wp\/v2\/media\/5524"}],"wp:attachment":[{"href":"https:\/\/oasisfm935.com.ar\/site\/wp-json\/wp\/v2\/media?parent=5664"}],"wp:term":[{"taxonomy":"category","embeddable":true,"href":"https:\/\/oasisfm935.com.ar\/site\/wp-json\/wp\/v2\/categories?post=5664"},{"taxonomy":"post_tag","embeddable":true,"href":"https:\/\/oasisfm935.com.ar\/site\/wp-json\/wp\/v2\/tags?post=5664"}],"curies":[{"name":"wp","href":"https:\/\/api.w.org\/{rel}","templated":true}]}}