{"id":5668,"date":"2020-07-24T17:27:32","date_gmt":"2020-07-24T20:27:32","guid":{"rendered":"http:\/\/oasisfm935.com\/site\/?p=5668"},"modified":"2020-07-24T17:27:32","modified_gmt":"2020-07-24T20:27:32","slug":"llega-de-nacion-un-extra-de-4-840-a-los-docentes-pampeanos-por-su-trabajo-en-la-pandemia","status":"publish","type":"post","link":"https:\/\/oasisfm935.com.ar\/site\/llega-de-nacion-un-extra-de-4-840-a-los-docentes-pampeanos-por-su-trabajo-en-la-pandemia\/","title":{"rendered":"Llega de Naci\u00f3n un extra de $4.840 a los docentes pampeanos por su trabajo en la pandemia"},"content":{"rendered":"<p>El Gobierno nacional acord\u00f3 con los gremios<strong>\u00a0sostener el pago de una suma extraordinaria del Fondo Nacional de Incentivo Docente (FONID) por el trabajo durante la pandemia<\/strong>. El monto ser\u00e1 de\u00a0<strong>4.840 pesos<\/strong>\u00a0y se pagar\u00e1 en cuatro cuotas.<\/p>\n<p>El \u201cFONID-suma extraordinaria Covid-19\u2033, tal su denominaci\u00f3n, fue aprobado por unanimidad en la paritaria docente de hoy al mediod\u00eda, public\u00f3\u00a0<strong>Infobae<\/strong>. En una sesi\u00f3n virtual, el ministro de Educaci\u00f3n Nicol\u00e1s Trotta acord\u00f3 con representantes de los cinco gremios nacionales -Ctera, Uda, Amet, Cea y Sadop- la continuidad del monto que tambi\u00e9n se hab\u00eda depositado en la primera mitad del a\u00f1o.<\/p>\n<p>El pago representar\u00e1 4.840 pesos por cargo, con un m\u00e1ximo de dos, que se pagar\u00e1 en cuatro cuotas iguales de 1.210 pesos cada una. La primera corresponder\u00e1 a julio y se har\u00e1 efectiva en agosto. Las siguientes se har\u00e1n en septiembre, octubre y noviembre y se sumar\u00e1n al pago del FONID ordinario ($1.210) y material did\u00e1ctico ($210).<\/p>\n<p>A su vez, en el acta acuerdo firmada, las autoridades asumieron el compromiso de convocar a la Comisi\u00f3n Negociadora durante noviembre para medir el impacto del FONID y analizar las condiciones laborales de los docentes durante los pr\u00f3ximos meses. En las provincias con menos casos, entre agosto y septiembre comenzar\u00e1 la vuelta a las aulas con asistencia alternada, lo cual exigir\u00e1 combinar clases presenciales con remotas.<\/p>\n<p>\u201cTodos queremos que nuestra escuela sea ese espacio que permita que la Argentina se ponga de pie y podamos construir mejores realidades\u00bb, dijo el ministro Trotta. \u00abNo concebimos otra manera de hacerlo que a trav\u00e9s del di\u00e1logo con maestros y maestras, profesores y profesoras. Queremos reconocer su compromiso y, por iniciativa del Presidente, nuestro Gobierno hace este aporte excepcional porque contribuye a los ingresos de todas y todos los docentes del pa\u00eds\u201d.<\/p>\n<p>A principios de a\u00f1o, el Gobierno mantuvo el valor original del FONID, de $1.210, pero dispuso una suma extraordinaria para paliar las dificultades salariales de los docentes durante cuatro meses. Superados esos cuatro meses, ahora renovaron ese plus.<\/p>\n<div class=\"oasis-despues-del-contenido\" id=\"oasis-2331190671\"><img loading=\"lazy\" decoding=\"async\" src=\"https:\/\/oasisfm935.com.ar\/site\/wp-content\/uploads\/2020\/08\/47806202-8741-49f2-a5c9-d2f930e5baa1.jpg\" alt=\"\"  srcset=\"https:\/\/oasisfm935.com.ar\/site\/wp-content\/uploads\/2020\/08\/47806202-8741-49f2-a5c9-d2f930e5baa1.jpg 1080w, https:\/\/oasisfm935.com.ar\/site\/wp-content\/uploads\/2020\/08\/47806202-8741-49f2-a5c9-d2f930e5baa1-300x300.jpg 300w, https:\/\/oasisfm935.com.ar\/site\/wp-content\/uploads\/2020\/08\/47806202-8741-49f2-a5c9-d2f930e5baa1-1024x1024.jpg 1024w, https:\/\/oasisfm935.com.ar\/site\/wp-content\/uploads\/2020\/08\/47806202-8741-49f2-a5c9-d2f930e5baa1-150x150.jpg 150w, https:\/\/oasisfm935.com.ar\/site\/wp-content\/uploads\/2020\/08\/47806202-8741-49f2-a5c9-d2f930e5baa1-768x768.jpg 768w\" sizes=\"(max-width: 1080px) 100vw, 1080px\" class=\"no-lazyload\" width=\"1080\" height=\"1080\"  style=\"display: inline-block;\" \/><\/div>","protected":false},"excerpt":{"rendered":"<p>El Gobierno nacional acord\u00f3 con los gremios\u00a0sostener el pago de una suma extraordinaria del Fondo Nacional de Incentivo Docente (FONID) por el<\/p>\n","protected":false},"author":4,"featured_media":5669,"comment_status":"closed","ping_status":"open","sticky":false,"template":"","format":"standard","meta":{"colormag_page_layout":"default_layout","footnotes":""},"categories":[2],"tags":[],"class_list":["post-5668","post","type-post","status-publish","format-standard","has-post-thumbnail","hentry","category-noticias"],"_links":{"self":[{"href":"https:\/\/oasisfm935.com.ar\/site\/wp-json\/wp\/v2\/posts\/5668","targetHints":{"allow":["GET"]}}],"collection":[{"href":"https:\/\/oasisfm935.com.ar\/site\/wp-json\/wp\/v2\/posts"}],"about":[{"href":"https:\/\/oasisfm935.com.ar\/site\/wp-json\/wp\/v2\/types\/post"}],"author":[{"embeddable":true,"href":"https:\/\/oasisfm935.com.ar\/site\/wp-json\/wp\/v2\/users\/4"}],"replies":[{"embeddable":true,"href":"https:\/\/oasisfm935.com.ar\/site\/wp-json\/wp\/v2\/comments?post=5668"}],"version-history":[{"count":1,"href":"https:\/\/oasisfm935.com.ar\/site\/wp-json\/wp\/v2\/posts\/5668\/revisions"}],"predecessor-version":[{"id":5670,"href":"https:\/\/oasisfm935.com.ar\/site\/wp-json\/wp\/v2\/posts\/5668\/revisions\/5670"}],"wp:featuredmedia":[{"embeddable":true,"href":"https:\/\/oasisfm935.com.ar\/site\/wp-json\/wp\/v2\/media\/5669"}],"wp:attachment":[{"href":"https:\/\/oasisfm935.com.ar\/site\/wp-json\/wp\/v2\/media?parent=5668"}],"wp:term":[{"taxonomy":"category","embeddable":true,"href":"https:\/\/oasisfm935.com.ar\/site\/wp-json\/wp\/v2\/categories?post=5668"},{"taxonomy":"post_tag","embeddable":true,"href":"https:\/\/oasisfm935.com.ar\/site\/wp-json\/wp\/v2\/tags?post=5668"}],"curies":[{"name":"wp","href":"https:\/\/api.w.org\/{rel}","templated":true}]}}