{"id":5673,"date":"2020-07-24T18:59:27","date_gmt":"2020-07-24T21:59:27","guid":{"rendered":"http:\/\/oasisfm935.com\/site\/?p=5673"},"modified":"2020-07-24T18:59:27","modified_gmt":"2020-07-24T21:59:27","slug":"pandemia-rige-la-autorizacion-provincial-para-los-transportistas-que-ingresen-a-la-pampa","status":"publish","type":"post","link":"https:\/\/oasisfm935.com.ar\/site\/pandemia-rige-la-autorizacion-provincial-para-los-transportistas-que-ingresen-a-la-pampa\/","title":{"rendered":"Pandemia: rige la autorizaci\u00f3n provincial para los transportistas que ingresen a La Pampa"},"content":{"rendered":"<p>Empresarios de transporte santarrose\u00f1os y representantes del gremio que nuclea a los trabajadores del sector se reunieron hoy con el secretario de Trabajo, Marcelo Pedehonta\u00e1, y el ministro de Modernizaci\u00f3n y Conectividad, Antonio Curciarello, para articular la implementaci\u00f3n de<strong>\u00a0la autorizaci\u00f3n provincial de circulaci\u00f3n que desde hoy se debe portar obligatoriamente junto al permiso nacional.<\/strong><\/p>\n<p>El encuentro que se desarroll\u00f3 en la sede de la C\u00e1mara de Industria, Comercio y Producci\u00f3n de La Pampa. Cont\u00f3 con la participaci\u00f3n de dirigentes de esa entidad.<\/p>\n<p>El permiso de circulaci\u00f3n provincial se tramita en la p\u00e1gina web<a href=\"https:\/\/permisotransporte.lapampa.gob.ar\/\" target=\"_blank\" rel=\"noopener noreferrer\"><strong>\u00a0https:\/\/permisotransporte.lapampa.gob.ar<\/strong>\u00a0<\/a>donde se informan, con car\u00e1cter de declaraci\u00f3n jurada, los datos requeridos.\u00a0<strong>El otorgamiento del permiso es inmediato y debe ser presentado junto al permiso nacional en el ingreso a la provincia.<\/strong><\/p>\n<p><strong>La medida permitir\u00e1 un control sobre la circulaci\u00f3n de transportistas teniendo en cuenta estatus sanitario del lugar de procedencia<\/strong>. Adem\u00e1s posibilitar\u00e1<strong>\u00a0obtener la trazabilidad de los recorridos<\/strong>\u00a0que realicen, incluyendo los domicilios de los comercios pampeanos con los que tomar\u00e1n contacto.<\/p>\n<p>\u00abAgradezco profundamente a los transportistas que han entendido desde el d\u00eda cero de qu\u00e9 se trata esto y tambi\u00e9n a los trabajadores de los camiones que han entendido que necesitamos imperiosamente de la responsabilidad social de cada uno de estos actores para poder mantener a la provincia lo m\u00e1s aislada posible de este virus\u201d, dijo Pedehonta\u00e1<\/p>\n<p><strong>Hasta ayer fuimos una provincia rodeada, hoy tenemos casos, pero eso no significa que seamos una provincia de transmisi\u00f3n, sino que hay nexos epidemiol\u00f3gicos con provincias vecinas\u201d<\/strong>, precis\u00f3.<\/p>\n<p>Puso de relieve la aplicaci\u00f3n y cumplimiento de los protocolos. \u201cSe han hisopado m\u00e1s de 600 camioneros con resultado negativo\u201d, dijo. \u00abA las medidas ya aplicadas hemos sumado nuevas para tratar de fijar la trazabilidad de todos aquellos camioneros, viajantes y\/o cuentapropistas que entran a nuestra provincia y trabajan en diversas localidades, con lo que se tendr\u00e1 un elemento m\u00e1s de control para contener posibles contagios\u00bb.<\/p>\n<div class=\"oasis-despues-del-contenido\" id=\"oasis-2857740263\"><img loading=\"lazy\" decoding=\"async\" src=\"https:\/\/oasisfm935.com.ar\/site\/wp-content\/uploads\/2020\/08\/47806202-8741-49f2-a5c9-d2f930e5baa1.jpg\" alt=\"\"  srcset=\"https:\/\/oasisfm935.com.ar\/site\/wp-content\/uploads\/2020\/08\/47806202-8741-49f2-a5c9-d2f930e5baa1.jpg 1080w, https:\/\/oasisfm935.com.ar\/site\/wp-content\/uploads\/2020\/08\/47806202-8741-49f2-a5c9-d2f930e5baa1-300x300.jpg 300w, https:\/\/oasisfm935.com.ar\/site\/wp-content\/uploads\/2020\/08\/47806202-8741-49f2-a5c9-d2f930e5baa1-1024x1024.jpg 1024w, https:\/\/oasisfm935.com.ar\/site\/wp-content\/uploads\/2020\/08\/47806202-8741-49f2-a5c9-d2f930e5baa1-150x150.jpg 150w, https:\/\/oasisfm935.com.ar\/site\/wp-content\/uploads\/2020\/08\/47806202-8741-49f2-a5c9-d2f930e5baa1-768x768.jpg 768w\" sizes=\"(max-width: 1080px) 100vw, 1080px\" class=\"no-lazyload\" width=\"1080\" height=\"1080\"  style=\"display: inline-block;\" \/><\/div>","protected":false},"excerpt":{"rendered":"<p>Empresarios de transporte santarrose\u00f1os y representantes del gremio que nuclea a los trabajadores del sector se reunieron hoy con el secretario de<\/p>\n","protected":false},"author":4,"featured_media":5675,"comment_status":"closed","ping_status":"open","sticky":false,"template":"","format":"standard","meta":{"colormag_page_layout":"default_layout","footnotes":""},"categories":[2],"tags":[],"class_list":["post-5673","post","type-post","status-publish","format-standard","has-post-thumbnail","hentry","category-noticias"],"_links":{"self":[{"href":"https:\/\/oasisfm935.com.ar\/site\/wp-json\/wp\/v2\/posts\/5673","targetHints":{"allow":["GET"]}}],"collection":[{"href":"https:\/\/oasisfm935.com.ar\/site\/wp-json\/wp\/v2\/posts"}],"about":[{"href":"https:\/\/oasisfm935.com.ar\/site\/wp-json\/wp\/v2\/types\/post"}],"author":[{"embeddable":true,"href":"https:\/\/oasisfm935.com.ar\/site\/wp-json\/wp\/v2\/users\/4"}],"replies":[{"embeddable":true,"href":"https:\/\/oasisfm935.com.ar\/site\/wp-json\/wp\/v2\/comments?post=5673"}],"version-history":[{"count":1,"href":"https:\/\/oasisfm935.com.ar\/site\/wp-json\/wp\/v2\/posts\/5673\/revisions"}],"predecessor-version":[{"id":5676,"href":"https:\/\/oasisfm935.com.ar\/site\/wp-json\/wp\/v2\/posts\/5673\/revisions\/5676"}],"wp:featuredmedia":[{"embeddable":true,"href":"https:\/\/oasisfm935.com.ar\/site\/wp-json\/wp\/v2\/media\/5675"}],"wp:attachment":[{"href":"https:\/\/oasisfm935.com.ar\/site\/wp-json\/wp\/v2\/media?parent=5673"}],"wp:term":[{"taxonomy":"category","embeddable":true,"href":"https:\/\/oasisfm935.com.ar\/site\/wp-json\/wp\/v2\/categories?post=5673"},{"taxonomy":"post_tag","embeddable":true,"href":"https:\/\/oasisfm935.com.ar\/site\/wp-json\/wp\/v2\/tags?post=5673"}],"curies":[{"name":"wp","href":"https:\/\/api.w.org\/{rel}","templated":true}]}}