{"id":5690,"date":"2020-07-24T19:41:43","date_gmt":"2020-07-24T22:41:43","guid":{"rendered":"http:\/\/oasisfm935.com\/site\/?p=5690"},"modified":"2020-07-24T19:41:43","modified_gmt":"2020-07-24T22:41:43","slug":"confirman-otros-dos-casos-en-catrilo-ahora-son-16","status":"publish","type":"post","link":"https:\/\/oasisfm935.com.ar\/site\/confirman-otros-dos-casos-en-catrilo-ahora-son-16\/","title":{"rendered":"Confirman otros dos casos en Catril\u00f3: ahora son 16"},"content":{"rendered":"<p><strong>Se agrava la situaci\u00f3n sanitaria en la localidad<\/strong>, que anoche regres\u00f3 a la\u00a0<strong>Fase 1\u00a0<\/strong>de la cuarentena.\u00a0<strong>A los 14 casos de coronavirus de esta ma\u00f1ana, se le sumaron otros dos confirmados este viernes a la tarde<\/strong>. La Pampa pas\u00f3 a tener 17 casos activos.<\/p>\n<p>El Gobierno Provincial dio a conocer este viernes a la tarde que se confirmaron otros dos casos de coronavirus en la localidad de Catril\u00f3, a los 14 ya registrados.<\/p>\n<p>La investigaci\u00f3n epidemiol\u00f3gica sigue abierta y por ahora no cambia el status de la provincia.\u00a0<strong>Tambi\u00e9n se dio a conocer que subi\u00f3 el n\u00famero de contactos estrechos: lleg\u00f3 a 85 y ya se hisoparon a 44 de ellos<\/strong>.<\/p>\n<p>\u00abLos contactos\u00a0estrechos de los casos positivos se encuentran cumpliendo aislamiento estricto\u00bb, se indic\u00f3 oficialmente. Mientras que \u00ablos casos confirmados se encuentran aislados en dispositivos intermedios bajo supervisi\u00f3n m\u00e9dica\u00bb.<\/p>\n<p><strong>Ahora son 17 los casos activos que hay en la provincia: uno en la capital pampeana y 16 en Catril\u00f3. Adem\u00e1s, hay otros siete pacientes recuperados: cuatro en Santa Rosa, dos en Realic\u00f3 y uno en General Pico<\/strong>.<\/p>\n<p>\u00abDe acuerdo a lo informado por el Ministerio de Salud, luego de concretar el corte de informaci\u00f3n a las 18 de la fecha, a los dos casos confirmados en la v\u00edspera, resultaron positivos para la enfermedad 14 personas m\u00e1s, haciendo un total de 16 casos positivos para Covid 19. A su vez estas personas arrojan por el momento un total de 85 contactos estrechos de los cuales a 31 se les tom\u00f3 muestra para realizar la prueba diagn\u00f3stica para SARS-CoV-2. De la b\u00fasqueda activa de casos, a ra\u00edz de la sensibilizaci\u00f3n de la definici\u00f3n de caso sospechoso, se sumaron 13 muestras m\u00e1s. Es decir, se procesar\u00e1n en las pr\u00f3ximas horas 44 muestras\u00bb, precis\u00f3 un escrito oficial.<\/p>\n<p>\u00abDebido al dinamismo de la situaci\u00f3n y a que la investigaci\u00f3n epidemiol\u00f3gica est\u00e1 en curso, es esperable que esta informaci\u00f3n var\u00ede. Por el momento la localidad de Catril\u00f3 permanecer\u00e1 en fase 1 de aislamiento hasta que la situaci\u00f3n este controlada\u00bb, cerr\u00f3 el comunicado de prensa dado a conocer este viernes a la tarde.<\/p>\n<p><strong>Entre los 12 casos \u00abpositivos\u00bb de Catril\u00f3 dados a conocer este viernes a la ma\u00f1ana hay dos personas que trabajan en la Municipalidad local<\/strong>.<\/p>\n<p>Los dos primeros casos de Catril\u00f3 fueron confirmados el jueves a la tarde:\u00a0<strong>se trata de\u00a0una pareja de novios, de unos 26 a\u00f1os de edad.\u00a0<\/strong>\u00abSon dos casos de presentaci\u00f3n cl\u00ednica leve\u00bb, se indic\u00f3 oficialmente.<\/p>\n<p><strong>Sin embargo, el alto n\u00famero de \u00abcontactos estrechos\u00bb que mantuvieron el hombre y la mujer dispar\u00f3 los contagios entre los familiares, amigos m\u00e1s \u00edntimos y compa\u00f1eros y compa\u00f1eras de trabajo.<\/strong><\/p>\n<p><strong>En Fase 1<\/strong><\/p>\n<p>Catril\u00f3 volvi\u00f3 anoche a la fase 1 de la cuarentena. La restricci\u00f3n de la circulaci\u00f3n es total y solo quedan habilitados los negocios esenciales.<\/p>\n<p>\u00abLa decisi\u00f3n se basa en los dos casos positivos registrados en las \u00faltimas horas, y a que en una primera pesquisa epidemiol\u00f3gica se determin\u00f3 la existencia de al menos 30 contactos estrechos\u00bb, indic\u00f3 anoche en el informe oficial.\u00a0<strong>Pero la crisis sanitaria en la localidad de agrav\u00f3 con el correr de las horas<\/strong>.<\/p>\n<p><strong>\u00abLa mayor\u00eda de las personas que tuvieron contacto, incluso su c\u00edrculo de amigos m\u00e1s cercanos, van a ser trasladadas al hotel El Faro de Santa Rosa\u00bb<\/strong>, confi\u00f3 anoche una fuente oficial.<\/p>\n<p><strong>La retracci\u00f3n a la fase 1 de la cuarentena implica que solo estar\u00e1n habilitados los negocios de venta de alimentos y farmacias<\/strong>.<\/p>\n<p>\u00abLa restricci\u00f3n de la circulaci\u00f3n es total y los ciudadanos solo deben adquirir dichos productos indispensables en comercios barriales, que no impliquen mayores desplazamientos de sus domicilios\u00bb, se aclar\u00f3 oficialmente.<\/p>\n<p><strong>Adem\u00e1s se proh\u00edbe la circulaci\u00f3n y permanencia en v\u00edas y espacios p\u00fablicos, a fin de prevenir la circulaci\u00f3n y el contagio del virus<\/strong>.<\/p>\n<p>\u00abEl ministerio de Seguridad estableci\u00f3 en esta localidad un dispositivo especial para dar cumplimiento del r\u00e9gimen que establece la Fase 1\u00bb, agreg\u00f3 el mismo texto.<\/p>\n<div class=\"oasis-despues-del-contenido\" id=\"oasis-2987665367\"><img loading=\"lazy\" decoding=\"async\" src=\"https:\/\/oasisfm935.com.ar\/site\/wp-content\/uploads\/2020\/08\/47806202-8741-49f2-a5c9-d2f930e5baa1.jpg\" alt=\"\"  srcset=\"https:\/\/oasisfm935.com.ar\/site\/wp-content\/uploads\/2020\/08\/47806202-8741-49f2-a5c9-d2f930e5baa1.jpg 1080w, https:\/\/oasisfm935.com.ar\/site\/wp-content\/uploads\/2020\/08\/47806202-8741-49f2-a5c9-d2f930e5baa1-300x300.jpg 300w, https:\/\/oasisfm935.com.ar\/site\/wp-content\/uploads\/2020\/08\/47806202-8741-49f2-a5c9-d2f930e5baa1-1024x1024.jpg 1024w, https:\/\/oasisfm935.com.ar\/site\/wp-content\/uploads\/2020\/08\/47806202-8741-49f2-a5c9-d2f930e5baa1-150x150.jpg 150w, https:\/\/oasisfm935.com.ar\/site\/wp-content\/uploads\/2020\/08\/47806202-8741-49f2-a5c9-d2f930e5baa1-768x768.jpg 768w\" sizes=\"(max-width: 1080px) 100vw, 1080px\" class=\"no-lazyload\" width=\"1080\" height=\"1080\"  style=\"display: inline-block;\" \/><\/div>","protected":false},"excerpt":{"rendered":"<p>Se agrava la situaci\u00f3n sanitaria en la localidad, que anoche regres\u00f3 a la\u00a0Fase 1\u00a0de la cuarentena.\u00a0A los 14 casos de coronavirus de<\/p>\n","protected":false},"author":4,"featured_media":5691,"comment_status":"closed","ping_status":"open","sticky":false,"template":"","format":"standard","meta":{"colormag_page_layout":"default_layout","footnotes":""},"categories":[2],"tags":[],"class_list":["post-5690","post","type-post","status-publish","format-standard","has-post-thumbnail","hentry","category-noticias"],"_links":{"self":[{"href":"https:\/\/oasisfm935.com.ar\/site\/wp-json\/wp\/v2\/posts\/5690","targetHints":{"allow":["GET"]}}],"collection":[{"href":"https:\/\/oasisfm935.com.ar\/site\/wp-json\/wp\/v2\/posts"}],"about":[{"href":"https:\/\/oasisfm935.com.ar\/site\/wp-json\/wp\/v2\/types\/post"}],"author":[{"embeddable":true,"href":"https:\/\/oasisfm935.com.ar\/site\/wp-json\/wp\/v2\/users\/4"}],"replies":[{"embeddable":true,"href":"https:\/\/oasisfm935.com.ar\/site\/wp-json\/wp\/v2\/comments?post=5690"}],"version-history":[{"count":1,"href":"https:\/\/oasisfm935.com.ar\/site\/wp-json\/wp\/v2\/posts\/5690\/revisions"}],"predecessor-version":[{"id":5692,"href":"https:\/\/oasisfm935.com.ar\/site\/wp-json\/wp\/v2\/posts\/5690\/revisions\/5692"}],"wp:featuredmedia":[{"embeddable":true,"href":"https:\/\/oasisfm935.com.ar\/site\/wp-json\/wp\/v2\/media\/5691"}],"wp:attachment":[{"href":"https:\/\/oasisfm935.com.ar\/site\/wp-json\/wp\/v2\/media?parent=5690"}],"wp:term":[{"taxonomy":"category","embeddable":true,"href":"https:\/\/oasisfm935.com.ar\/site\/wp-json\/wp\/v2\/categories?post=5690"},{"taxonomy":"post_tag","embeddable":true,"href":"https:\/\/oasisfm935.com.ar\/site\/wp-json\/wp\/v2\/tags?post=5690"}],"curies":[{"name":"wp","href":"https:\/\/api.w.org\/{rel}","templated":true}]}}