{"id":5697,"date":"2020-07-24T21:24:46","date_gmt":"2020-07-25T00:24:46","guid":{"rendered":"http:\/\/oasisfm935.com\/site\/?p=5697"},"modified":"2020-07-24T21:24:46","modified_gmt":"2020-07-25T00:24:46","slug":"catrilo-complicado-hay-16-positivos-y-otros-41-con-sintomas","status":"publish","type":"post","link":"https:\/\/oasisfm935.com.ar\/site\/catrilo-complicado-hay-16-positivos-y-otros-41-con-sintomas\/","title":{"rendered":"Catril\u00f3 complicado: hay 16 positivos y otros 41 con s\u00edntomas"},"content":{"rendered":"<p>La cantidad de personas contagiadas de coronavirus en Catril\u00f3, temen las autoridades sanitarias, seguir\u00e1 creciendo en las pr\u00f3ximas horas. Por lo pronto, en un comunicado desde el\u00a0<strong>Hospital Gatica<\/strong>, se inform\u00f3 que, adem\u00e1s de las 16 personas positivas hasta este viernes, testearon a otras 57.<\/p>\n<p>De esas 57,<strong>\u00a041 tienen s\u00edntomas de tener el nuevo virus y son, adem\u00e1s, contactos estrechos con alguno de los 16 positivos<\/strong>.<\/p>\n<p>Se espera que los resultados de esos testeos se den a conocer entre este s\u00e1bado y domingo.<\/p>\n<p>El brote en Catril\u00f3 fue detectado en las \u00faltimas 24 horas.\u00a0El ministro de Salud de La Pampa,<strong>\u00a0Rub\u00e9n Kohan<\/strong>, dijo que\u00a0<strong>no tienen dudas de que el brote de coronavirus en Catril\u00f3<\/strong>\u00a0se origin\u00f3 por el contacto con un camionero de la vecina localidad bonaerense de<strong>\u00a0Pellegrini<\/strong>, donde hay circulaci\u00f3n comunitaria de Covid-19.\u00a0<strong>\u00abEs obvio y no hay dudas\u00bb<\/strong>, dijo el ministro.<\/p>\n<p><strong>\u00abSe incendi\u00f3 la casa de al lado y mi casa tiene humo<\/strong>. Todo se inici\u00f3 en Pellegrini, es obvio y claro, no hay dudas.\u00a0 Es el caso 0\u2033, asegur\u00f3.<\/p>\n<p>Todo Catril\u00f3 volvi\u00f3 a Fase 1. Incluso hubo cambios en la situaci\u00f3n de La Pampa: el gobernador\u00a0<strong>Sergio Ziliotto\u00a0<\/strong>anunci\u00f3 este viernes al mediod\u00eda que por\u00a0<strong>el brote de coronavirus\u00a0<\/strong>fueron\u00a0<strong>suspendidos, en forma preventiva y transitoriamente, los encuentros sociales y familiares y las actividades gastron\u00f3micas con atenci\u00f3n en locales<\/strong>. Tambi\u00e9n, dijo,<strong>\u00a0se suspendi\u00f3 la reapertura del Parque Luro<\/strong>, aunque sigue en pie la vuelta de\u00a0<strong>la hoteler\u00eda<\/strong>\u00a0y\u00a0<strong>del turismo interno<\/strong>.<\/p>\n<div class=\"oasis-despues-del-contenido\" id=\"oasis-1740997072\"><img loading=\"lazy\" decoding=\"async\" src=\"https:\/\/oasisfm935.com.ar\/site\/wp-content\/uploads\/2020\/08\/47806202-8741-49f2-a5c9-d2f930e5baa1.jpg\" alt=\"\"  srcset=\"https:\/\/oasisfm935.com.ar\/site\/wp-content\/uploads\/2020\/08\/47806202-8741-49f2-a5c9-d2f930e5baa1.jpg 1080w, https:\/\/oasisfm935.com.ar\/site\/wp-content\/uploads\/2020\/08\/47806202-8741-49f2-a5c9-d2f930e5baa1-300x300.jpg 300w, https:\/\/oasisfm935.com.ar\/site\/wp-content\/uploads\/2020\/08\/47806202-8741-49f2-a5c9-d2f930e5baa1-1024x1024.jpg 1024w, https:\/\/oasisfm935.com.ar\/site\/wp-content\/uploads\/2020\/08\/47806202-8741-49f2-a5c9-d2f930e5baa1-150x150.jpg 150w, https:\/\/oasisfm935.com.ar\/site\/wp-content\/uploads\/2020\/08\/47806202-8741-49f2-a5c9-d2f930e5baa1-768x768.jpg 768w\" sizes=\"(max-width: 1080px) 100vw, 1080px\" class=\"no-lazyload\" width=\"1080\" height=\"1080\"  style=\"display: inline-block;\" \/><\/div>","protected":false},"excerpt":{"rendered":"<p>La cantidad de personas contagiadas de coronavirus en Catril\u00f3, temen las autoridades sanitarias, seguir\u00e1 creciendo en las pr\u00f3ximas horas. Por lo pronto,<\/p>\n","protected":false},"author":4,"featured_media":5698,"comment_status":"closed","ping_status":"open","sticky":false,"template":"","format":"standard","meta":{"colormag_page_layout":"default_layout","footnotes":""},"categories":[2],"tags":[],"class_list":["post-5697","post","type-post","status-publish","format-standard","has-post-thumbnail","hentry","category-noticias"],"_links":{"self":[{"href":"https:\/\/oasisfm935.com.ar\/site\/wp-json\/wp\/v2\/posts\/5697","targetHints":{"allow":["GET"]}}],"collection":[{"href":"https:\/\/oasisfm935.com.ar\/site\/wp-json\/wp\/v2\/posts"}],"about":[{"href":"https:\/\/oasisfm935.com.ar\/site\/wp-json\/wp\/v2\/types\/post"}],"author":[{"embeddable":true,"href":"https:\/\/oasisfm935.com.ar\/site\/wp-json\/wp\/v2\/users\/4"}],"replies":[{"embeddable":true,"href":"https:\/\/oasisfm935.com.ar\/site\/wp-json\/wp\/v2\/comments?post=5697"}],"version-history":[{"count":1,"href":"https:\/\/oasisfm935.com.ar\/site\/wp-json\/wp\/v2\/posts\/5697\/revisions"}],"predecessor-version":[{"id":5699,"href":"https:\/\/oasisfm935.com.ar\/site\/wp-json\/wp\/v2\/posts\/5697\/revisions\/5699"}],"wp:featuredmedia":[{"embeddable":true,"href":"https:\/\/oasisfm935.com.ar\/site\/wp-json\/wp\/v2\/media\/5698"}],"wp:attachment":[{"href":"https:\/\/oasisfm935.com.ar\/site\/wp-json\/wp\/v2\/media?parent=5697"}],"wp:term":[{"taxonomy":"category","embeddable":true,"href":"https:\/\/oasisfm935.com.ar\/site\/wp-json\/wp\/v2\/categories?post=5697"},{"taxonomy":"post_tag","embeddable":true,"href":"https:\/\/oasisfm935.com.ar\/site\/wp-json\/wp\/v2\/tags?post=5697"}],"curies":[{"name":"wp","href":"https:\/\/api.w.org\/{rel}","templated":true}]}}