{"id":5701,"date":"2020-07-25T11:36:11","date_gmt":"2020-07-25T14:36:11","guid":{"rendered":"http:\/\/oasisfm935.com\/site\/?p=5701"},"modified":"2020-07-25T11:36:11","modified_gmt":"2020-07-25T14:36:11","slug":"confirman-8-casos-mas-de-coronavirus-en-la-pampa-por-el-brote-de-catrilo","status":"publish","type":"post","link":"https:\/\/oasisfm935.com.ar\/site\/confirman-8-casos-mas-de-coronavirus-en-la-pampa-por-el-brote-de-catrilo\/","title":{"rendered":"Confirman 8 casos m\u00e1s de coronavirus en La Pampa por el brote de Catril\u00f3"},"content":{"rendered":"<p>El Gobierno de la Provincia de La Pampa inform\u00f3 que se han confirmado 8 nuevos casos de 32 muestras analizados tomadas en el dia de ayer correspondientes al estudio de brote de COVID-19 de la localidad de Catril\u00f3.Este informe es parcial ya que se contin\u00faan procesando muestras al tiempo que se siguen investigando la posibilidad de nuevos casos. En las pr\u00f3ximas horas se dar\u00e1n a conocer los resultados.<\/p>\n<p>Como es de p\u00fablico conocimiento los casos confirmados del brote de Catril\u00f3 hasta el d\u00eda de ayer eran 16, a la ma\u00f1ana de hoy se sumaron 8 m\u00e1s. Por el momento serian 24 los casos confirmados correspondientes al brote.<\/p>\n<p>Los casos ya confirmados contin\u00faan cl\u00ednicamente estables en instituciones intermedias prehospitalarias asistidos por profesionales de salud.<\/p>\n<p>Por el momento la localidad de Catril\u00f3 permanecer\u00e1 en fase 1 de aislamiento hasta que la situaci\u00f3n est\u00e9 controlada.<\/p>\n<p><strong>Las recomendaciones para el control de la enfermedad:<\/strong><br \/>\n* Mantener el distanciamiento social de 2 metros<br \/>\n* Higienizarse frecuentemente las manos (agua y jab\u00f3n o alcohol en gel)<br \/>\n* Usar cubrebocanariz cada vez que salga de su casa<br \/>\n* No compartir mate ni otros utensillos<br \/>\n* Saludarse evitando el contacto fisico<br \/>\n* Si presenta s\u00edntomas compatibles con la enfermedad: dolor de garganta, tos, fiebre, dificultad para respirar, alteraci\u00f3n del gusto o del olfato llamar a su m\u00e9dico de cabecera \u00f3 centro de salud de referencia para coordinar la atenci\u00f3n<br \/>\n<strong>* Frente a s\u00edntomas, aunque sean leves, no concurrir a su trabajo y evitar contacto con otras personas.<\/strong><\/p>\n<div class=\"oasis-despues-del-contenido\" id=\"oasis-3086942022\"><img loading=\"lazy\" decoding=\"async\" src=\"https:\/\/oasisfm935.com.ar\/site\/wp-content\/uploads\/2020\/08\/47806202-8741-49f2-a5c9-d2f930e5baa1.jpg\" alt=\"\"  srcset=\"https:\/\/oasisfm935.com.ar\/site\/wp-content\/uploads\/2020\/08\/47806202-8741-49f2-a5c9-d2f930e5baa1.jpg 1080w, https:\/\/oasisfm935.com.ar\/site\/wp-content\/uploads\/2020\/08\/47806202-8741-49f2-a5c9-d2f930e5baa1-300x300.jpg 300w, https:\/\/oasisfm935.com.ar\/site\/wp-content\/uploads\/2020\/08\/47806202-8741-49f2-a5c9-d2f930e5baa1-1024x1024.jpg 1024w, https:\/\/oasisfm935.com.ar\/site\/wp-content\/uploads\/2020\/08\/47806202-8741-49f2-a5c9-d2f930e5baa1-150x150.jpg 150w, https:\/\/oasisfm935.com.ar\/site\/wp-content\/uploads\/2020\/08\/47806202-8741-49f2-a5c9-d2f930e5baa1-768x768.jpg 768w\" sizes=\"(max-width: 1080px) 100vw, 1080px\" class=\"no-lazyload\" width=\"1080\" height=\"1080\"  style=\"display: inline-block;\" \/><\/div>","protected":false},"excerpt":{"rendered":"<p>El Gobierno de la Provincia de La Pampa inform\u00f3 que se han confirmado 8 nuevos casos de 32 muestras analizados tomadas en<\/p>\n","protected":false},"author":4,"featured_media":5702,"comment_status":"closed","ping_status":"open","sticky":false,"template":"","format":"standard","meta":{"colormag_page_layout":"default_layout","footnotes":""},"categories":[2],"tags":[],"class_list":["post-5701","post","type-post","status-publish","format-standard","has-post-thumbnail","hentry","category-noticias"],"_links":{"self":[{"href":"https:\/\/oasisfm935.com.ar\/site\/wp-json\/wp\/v2\/posts\/5701","targetHints":{"allow":["GET"]}}],"collection":[{"href":"https:\/\/oasisfm935.com.ar\/site\/wp-json\/wp\/v2\/posts"}],"about":[{"href":"https:\/\/oasisfm935.com.ar\/site\/wp-json\/wp\/v2\/types\/post"}],"author":[{"embeddable":true,"href":"https:\/\/oasisfm935.com.ar\/site\/wp-json\/wp\/v2\/users\/4"}],"replies":[{"embeddable":true,"href":"https:\/\/oasisfm935.com.ar\/site\/wp-json\/wp\/v2\/comments?post=5701"}],"version-history":[{"count":1,"href":"https:\/\/oasisfm935.com.ar\/site\/wp-json\/wp\/v2\/posts\/5701\/revisions"}],"predecessor-version":[{"id":5703,"href":"https:\/\/oasisfm935.com.ar\/site\/wp-json\/wp\/v2\/posts\/5701\/revisions\/5703"}],"wp:featuredmedia":[{"embeddable":true,"href":"https:\/\/oasisfm935.com.ar\/site\/wp-json\/wp\/v2\/media\/5702"}],"wp:attachment":[{"href":"https:\/\/oasisfm935.com.ar\/site\/wp-json\/wp\/v2\/media?parent=5701"}],"wp:term":[{"taxonomy":"category","embeddable":true,"href":"https:\/\/oasisfm935.com.ar\/site\/wp-json\/wp\/v2\/categories?post=5701"},{"taxonomy":"post_tag","embeddable":true,"href":"https:\/\/oasisfm935.com.ar\/site\/wp-json\/wp\/v2\/tags?post=5701"}],"curies":[{"name":"wp","href":"https:\/\/api.w.org\/{rel}","templated":true}]}}