{"id":5714,"date":"2020-07-25T15:08:05","date_gmt":"2020-07-25T18:08:05","guid":{"rendered":"http:\/\/oasisfm935.com\/site\/?p=5714"},"modified":"2020-07-25T15:08:05","modified_gmt":"2020-07-25T18:08:05","slug":"un-caso-mas-de-coronavirus-por-el-brote-de-catrilo-y-ya-son-33-casos-en-la-pampa","status":"publish","type":"post","link":"https:\/\/oasisfm935.com.ar\/site\/un-caso-mas-de-coronavirus-por-el-brote-de-catrilo-y-ya-son-33-casos-en-la-pampa\/","title":{"rendered":"Un caso m\u00e1s de coronavirus por el brote de Catril\u00f3 y ya son 33 casos en La Pampa"},"content":{"rendered":"<p>El Gobierno de la provincia de La Pampa inform\u00f3 que se ha confirmado 1 nuevo caso positivo dentro de las 28 nuevas muestras analizadas tomadas en el d\u00eda de ayer, correspondientes al estudio de brote de COVID-19 de la localidad de Catril\u00f3.\u00a0<strong>El presente informe es parcial.<\/strong><\/p>\n<p>Como es de p\u00fablico conocimiento los casos confirmados del brote de Catril\u00f3 hasta el d\u00eda de ayer eran 16, hoy se sumaron 9 casos positivos. Por el momento serian 25 los casos confirmados correspondientes al brote.<\/p>\n<p>Los casos ya confirmados contin\u00faan cl\u00ednicamente estables en instituciones intermedias prehospitalarias asistidos por profesionales de salud.<\/p>\n<p>Por el momento la localidad de Catril\u00f3 permanecer\u00e1 en fase 1 de aislamiento hasta que la situaci\u00f3n est\u00e9 controlada.<\/p>\n<p>&nbsp;<\/p>\n<div class=\"oasis-despues-del-contenido\" id=\"oasis-4243748935\"><img loading=\"lazy\" decoding=\"async\" src=\"https:\/\/oasisfm935.com.ar\/site\/wp-content\/uploads\/2020\/08\/47806202-8741-49f2-a5c9-d2f930e5baa1.jpg\" alt=\"\"  srcset=\"https:\/\/oasisfm935.com.ar\/site\/wp-content\/uploads\/2020\/08\/47806202-8741-49f2-a5c9-d2f930e5baa1.jpg 1080w, https:\/\/oasisfm935.com.ar\/site\/wp-content\/uploads\/2020\/08\/47806202-8741-49f2-a5c9-d2f930e5baa1-300x300.jpg 300w, https:\/\/oasisfm935.com.ar\/site\/wp-content\/uploads\/2020\/08\/47806202-8741-49f2-a5c9-d2f930e5baa1-1024x1024.jpg 1024w, https:\/\/oasisfm935.com.ar\/site\/wp-content\/uploads\/2020\/08\/47806202-8741-49f2-a5c9-d2f930e5baa1-150x150.jpg 150w, https:\/\/oasisfm935.com.ar\/site\/wp-content\/uploads\/2020\/08\/47806202-8741-49f2-a5c9-d2f930e5baa1-768x768.jpg 768w\" sizes=\"(max-width: 1080px) 100vw, 1080px\" class=\"no-lazyload\" width=\"1080\" height=\"1080\"  style=\"display: inline-block;\" \/><\/div>","protected":false},"excerpt":{"rendered":"<p>El Gobierno de la provincia de La Pampa inform\u00f3 que se ha confirmado 1 nuevo caso positivo dentro de las 28 nuevas<\/p>\n","protected":false},"author":4,"featured_media":5715,"comment_status":"closed","ping_status":"open","sticky":false,"template":"","format":"standard","meta":{"colormag_page_layout":"default_layout","footnotes":""},"categories":[2],"tags":[],"class_list":["post-5714","post","type-post","status-publish","format-standard","has-post-thumbnail","hentry","category-noticias"],"_links":{"self":[{"href":"https:\/\/oasisfm935.com.ar\/site\/wp-json\/wp\/v2\/posts\/5714","targetHints":{"allow":["GET"]}}],"collection":[{"href":"https:\/\/oasisfm935.com.ar\/site\/wp-json\/wp\/v2\/posts"}],"about":[{"href":"https:\/\/oasisfm935.com.ar\/site\/wp-json\/wp\/v2\/types\/post"}],"author":[{"embeddable":true,"href":"https:\/\/oasisfm935.com.ar\/site\/wp-json\/wp\/v2\/users\/4"}],"replies":[{"embeddable":true,"href":"https:\/\/oasisfm935.com.ar\/site\/wp-json\/wp\/v2\/comments?post=5714"}],"version-history":[{"count":1,"href":"https:\/\/oasisfm935.com.ar\/site\/wp-json\/wp\/v2\/posts\/5714\/revisions"}],"predecessor-version":[{"id":5716,"href":"https:\/\/oasisfm935.com.ar\/site\/wp-json\/wp\/v2\/posts\/5714\/revisions\/5716"}],"wp:featuredmedia":[{"embeddable":true,"href":"https:\/\/oasisfm935.com.ar\/site\/wp-json\/wp\/v2\/media\/5715"}],"wp:attachment":[{"href":"https:\/\/oasisfm935.com.ar\/site\/wp-json\/wp\/v2\/media?parent=5714"}],"wp:term":[{"taxonomy":"category","embeddable":true,"href":"https:\/\/oasisfm935.com.ar\/site\/wp-json\/wp\/v2\/categories?post=5714"},{"taxonomy":"post_tag","embeddable":true,"href":"https:\/\/oasisfm935.com.ar\/site\/wp-json\/wp\/v2\/tags?post=5714"}],"curies":[{"name":"wp","href":"https:\/\/api.w.org\/{rel}","templated":true}]}}