{"id":5723,"date":"2020-07-25T21:57:58","date_gmt":"2020-07-26T00:57:58","guid":{"rendered":"http:\/\/oasisfm935.com\/site\/?p=5723"},"modified":"2020-07-25T22:04:11","modified_gmt":"2020-07-26T01:04:11","slug":"la-pampa-ya-detectaron-212-contactos-estrechos-por-el-brote-de-coronavirus-en-catrilo","status":"publish","type":"post","link":"https:\/\/oasisfm935.com.ar\/site\/la-pampa-ya-detectaron-212-contactos-estrechos-por-el-brote-de-coronavirus-en-catrilo\/","title":{"rendered":"La Pampa: Ya detectaron 212 contactos estrechos por el brote de coronavirus en Catril\u00f3"},"content":{"rendered":"<p>Las personas est\u00e1n aisladas en esa localidad y tambi\u00e9n en Lonquimay, Santa Rosa, General Pico, Macach\u00edn, Guatrach\u00e9 y Toay. <strong>Son 25 los casos confirmados, uno de los cuales fue internado.<\/strong><\/p>\n<section id=\"g-container-main\" class=\"g-wrapper\">\n<div class=\"g-container\">\n<div class=\"g-grid\">\n<div class=\"g-block size-67\">\n<div class=\"g-grid\">\n<div class=\"g-block size-100 pre-content\">\n<div class=\"g-content\">\n<div class=\"platform-content row-fluid\">\n<div class=\"span12\">\n<div class=\"item-page\">\n<p>Durante la jornada de este s\u00e1bado, el Gobierno de La Pampa inform\u00f3 que se confirmaron 9 nuevos casos en la localidad de Catril\u00f3, que sufre un brote de coronavirus que ya cuenta con 25 personas contagiadas. Una de ellas es un m\u00e9dico.<\/p>\n<p>Seg\u00fan el reporte oficial, de ese total se obtuvieron 127 contactos estrechos, que sumados a los 85 informados durante el viernes completan un total de 212 relacionados.<\/p>\n<p>Esas personas se encuentran aisladas con sus familias y son en su mayor\u00eda de la localidad de Catril\u00f3, mientras que otras residen en Lonquimay, Santa Rosa, General Pico, Macach\u00edn, Guatrach\u00e9 y Toay.<\/p>\n<p>Adem\u00e1s, se obtuvieron 52 muestras relacionadas al brote que ser\u00e1n procesadas en las pr\u00f3ximas horas y el promedio de edad de los casos confirmados es de 35 a\u00f1os.<\/p>\n<p>Uno de los pacientes fue internado en el Centro Emergente de Asistencia Respiratoria aunque el informe oficial no dio m\u00e1s detalles sobre su cuadro de salud. El resto, contin\u00faan cl\u00ednicamente estables en instituciones intermedias prehospitalarias asistidos por profesionales de Salud.<\/p>\n<p>Por el momento la localidad de Catril\u00f3 permanecer\u00e1 en fase 1 de aislamiento hasta que la situaci\u00f3n est\u00e9 controlada. El origen de los casos fue el brote que se inici\u00f3 hace unos d\u00edas en la ciudad de Pellegrini, distante a s\u00f3lo 30 kil\u00f3metros.<\/p>\n<p>A ra\u00edz de lo que ocurre en Catril\u00f3, el Comit\u00e9 de Crisis de La Pampa decidi\u00f3 suspender\u00a0 en todo el territorio los encuentros sociales\u00a0 y familiare, que estaban permitidos hasta un m\u00e1ximo de 10 personas, y suspender la atenci\u00f3n al p\u00fablico en los salones de locales gastron\u00f3micos (solo trabajan por entrega a domicilio o retiro en el local) y todas las actividades que concentren personas.<\/p>\n<p>Con los datos de este s\u00e1bado, La Pampa desde el inicio de la pandemia tiene registrado 33 contagiados en total de los cuales siete ya fueron dados de alta. Adem\u00e1s, se mantiene activo el caso de una mujer en Santa Rosa confirmado semanas atr\u00e1s.<\/p>\n<\/div>\n<\/div>\n<\/div>\n<\/div>\n<\/div>\n<\/div>\n<\/div>\n<\/div>\n<\/div>\n<\/section>\n<div class=\"oasis-despues-del-contenido\" id=\"oasis-2408069381\"><img loading=\"lazy\" decoding=\"async\" src=\"https:\/\/oasisfm935.com.ar\/site\/wp-content\/uploads\/2020\/08\/47806202-8741-49f2-a5c9-d2f930e5baa1.jpg\" alt=\"\"  srcset=\"https:\/\/oasisfm935.com.ar\/site\/wp-content\/uploads\/2020\/08\/47806202-8741-49f2-a5c9-d2f930e5baa1.jpg 1080w, https:\/\/oasisfm935.com.ar\/site\/wp-content\/uploads\/2020\/08\/47806202-8741-49f2-a5c9-d2f930e5baa1-300x300.jpg 300w, https:\/\/oasisfm935.com.ar\/site\/wp-content\/uploads\/2020\/08\/47806202-8741-49f2-a5c9-d2f930e5baa1-1024x1024.jpg 1024w, https:\/\/oasisfm935.com.ar\/site\/wp-content\/uploads\/2020\/08\/47806202-8741-49f2-a5c9-d2f930e5baa1-150x150.jpg 150w, https:\/\/oasisfm935.com.ar\/site\/wp-content\/uploads\/2020\/08\/47806202-8741-49f2-a5c9-d2f930e5baa1-768x768.jpg 768w\" sizes=\"(max-width: 1080px) 100vw, 1080px\" class=\"no-lazyload\" width=\"1080\" height=\"1080\"  style=\"display: inline-block;\" \/><\/div>","protected":false},"excerpt":{"rendered":"<p>Las personas est\u00e1n aisladas en esa localidad y tambi\u00e9n en Lonquimay, Santa Rosa, General Pico, Macach\u00edn, Guatrach\u00e9 y Toay. Son 25 los<\/p>\n","protected":false},"author":4,"featured_media":5724,"comment_status":"closed","ping_status":"open","sticky":false,"template":"","format":"standard","meta":{"colormag_page_layout":"default_layout","footnotes":""},"categories":[2],"tags":[],"class_list":["post-5723","post","type-post","status-publish","format-standard","has-post-thumbnail","hentry","category-noticias"],"_links":{"self":[{"href":"https:\/\/oasisfm935.com.ar\/site\/wp-json\/wp\/v2\/posts\/5723","targetHints":{"allow":["GET"]}}],"collection":[{"href":"https:\/\/oasisfm935.com.ar\/site\/wp-json\/wp\/v2\/posts"}],"about":[{"href":"https:\/\/oasisfm935.com.ar\/site\/wp-json\/wp\/v2\/types\/post"}],"author":[{"embeddable":true,"href":"https:\/\/oasisfm935.com.ar\/site\/wp-json\/wp\/v2\/users\/4"}],"replies":[{"embeddable":true,"href":"https:\/\/oasisfm935.com.ar\/site\/wp-json\/wp\/v2\/comments?post=5723"}],"version-history":[{"count":4,"href":"https:\/\/oasisfm935.com.ar\/site\/wp-json\/wp\/v2\/posts\/5723\/revisions"}],"predecessor-version":[{"id":5728,"href":"https:\/\/oasisfm935.com.ar\/site\/wp-json\/wp\/v2\/posts\/5723\/revisions\/5728"}],"wp:featuredmedia":[{"embeddable":true,"href":"https:\/\/oasisfm935.com.ar\/site\/wp-json\/wp\/v2\/media\/5724"}],"wp:attachment":[{"href":"https:\/\/oasisfm935.com.ar\/site\/wp-json\/wp\/v2\/media?parent=5723"}],"wp:term":[{"taxonomy":"category","embeddable":true,"href":"https:\/\/oasisfm935.com.ar\/site\/wp-json\/wp\/v2\/categories?post=5723"},{"taxonomy":"post_tag","embeddable":true,"href":"https:\/\/oasisfm935.com.ar\/site\/wp-json\/wp\/v2\/tags?post=5723"}],"curies":[{"name":"wp","href":"https:\/\/api.w.org\/{rel}","templated":true}]}}