{"id":5730,"date":"2020-07-26T11:12:39","date_gmt":"2020-07-26T14:12:39","guid":{"rendered":"http:\/\/oasisfm935.com\/site\/?p=5730"},"modified":"2020-07-26T11:17:10","modified_gmt":"2020-07-26T14:17:10","slug":"patricia-lavin-y-las-1000-viviendas-anunciadas-deben-estar-inscriptos-en-el-ipav-para-acceder-a-este-programa","status":"publish","type":"post","link":"https:\/\/oasisfm935.com.ar\/site\/patricia-lavin-y-las-1000-viviendas-anunciadas-deben-estar-inscriptos-en-el-ipav-para-acceder-a-este-programa\/","title":{"rendered":"Patricia Lavin y las 1000 viviendas anunciadas: \u00abDeben estar inscriptos en el IPAV para acceder a este programa\u00bb"},"content":{"rendered":"<p>La intendenta de Ingeniero Luiggi Patricia Lavin se mostr\u00f3 expectante respecto al relanzamiento del \u00abPlan Mi Casa\u00bb que prev\u00e9 la construcci\u00f3n de 1000 viviendas en la provincia. Se\u00f1al\u00f3 que en Ingeniero Luiggi la demanda supera los 160 inscriptos y record\u00f3 que los aspirantes deben estar anotados en el IPAV.<\/p>\n<p>Lavin se refiri\u00f3 a las 1000 viviendas anunciadas por el gobernador en el marco del relanzamiento del programa \u00abMi Casa\u00bb dividido en el programa Mi Casa 1 (Para localidades de menos de 10 mil habitantes) y Mi Casa 2 (Para las poblaciones con m\u00e1s de 10 mil habitantes)<\/p>\n<p><strong>\u00abEsta semana nos convocar\u00e1n a los intendentes en forma individual para empezar a ver los convenios que se firmen entre el IPAV y cada uno de los municipios, donde nos asignar\u00e1n el cupo\u00bb,<\/strong>\u00a0indic\u00f3.<\/p>\n<p>\u00abLo importante de \u00e9sto es saber que quienes aspiren a una de estas viviendas, deben estar inscriptos en el IPAV y que a partir del 18 de agosto se iniciar\u00e1 un proceso de inscripci\u00f3n y de reempadronamiento a trav\u00e9s de la p\u00e1gina del Instituto Provincial Aut\u00e1rquico de la Vivienda, sobre el cual ya nos dar\u00e1n instrucciones para que nosotros podamos orientar a las familias en este proceso\u00bb.<\/p>\n<p>\u00abSin lugar a dudas el gobernador ha continuado una pol\u00edtica habitacional que ya se hab\u00eda iniciado en la gesti\u00f3n del ingeniero Carlos Verna, y ahora Ziliotto le da continuidad, adapt\u00e1ndola al nuevo contexto econ\u00f3mico, pol\u00edtico y social porque entiende el planteo que le hicimos desde cada una de las localidades de poder sostener este programa\u00bb, explic\u00f3.<\/p>\n<p>\u00abEn nuestro caso, en la anterior gesti\u00f3n se entregaron 20 viviendas, ya que sabemos que a nivel nacional no hubo ning\u00fan tipo de programa que de respuesta al d\u00e9ficit habitacional que tenemos en nuestra provincia, y este programa Mi Casa justamente surge en la gesti\u00f3n anterior, ante la ausencia de la gesti\u00f3n nacional de construir programas sociales de viviendas\u00bb, se\u00f1al\u00f3.<\/p>\n<p><strong>Demanda habitacional<\/strong><\/p>\n<p>Lavin explic\u00f3 que en el caso de Ingeniero Luiggi\u00a0<strong>la demanda habitacional es superior a las 160 familias inscriptas hasta el momento.<\/strong><\/p>\n<p>\u00abLa cantidad de viviendas asignadas a\u00fan no la tenemos definida, seguramente esta semana cuando nos reunamos con la gente del IPAV, sabremos el cupo que le ofrecen a Ingeniero Luiggi\u00bb, coment\u00f3.<\/p>\n<p><strong>\u00abObviamente que lo vivimos con gran expectativa porque es una manera de seguir acercando la posibilidad de acceder a un derecho tan esencial como es la vivienda\u00bb<\/strong>, concluy\u00f3 la jefa comunal luiggense.<\/p>\n<p>&nbsp;<\/p>\n<p>FUENTE: ZONAL NOTICIAS<\/p>\n<div class=\"oasis-despues-del-contenido\" id=\"oasis-2582558919\"><img loading=\"lazy\" decoding=\"async\" src=\"https:\/\/oasisfm935.com.ar\/site\/wp-content\/uploads\/2020\/08\/47806202-8741-49f2-a5c9-d2f930e5baa1.jpg\" alt=\"\"  srcset=\"https:\/\/oasisfm935.com.ar\/site\/wp-content\/uploads\/2020\/08\/47806202-8741-49f2-a5c9-d2f930e5baa1.jpg 1080w, https:\/\/oasisfm935.com.ar\/site\/wp-content\/uploads\/2020\/08\/47806202-8741-49f2-a5c9-d2f930e5baa1-300x300.jpg 300w, https:\/\/oasisfm935.com.ar\/site\/wp-content\/uploads\/2020\/08\/47806202-8741-49f2-a5c9-d2f930e5baa1-1024x1024.jpg 1024w, https:\/\/oasisfm935.com.ar\/site\/wp-content\/uploads\/2020\/08\/47806202-8741-49f2-a5c9-d2f930e5baa1-150x150.jpg 150w, https:\/\/oasisfm935.com.ar\/site\/wp-content\/uploads\/2020\/08\/47806202-8741-49f2-a5c9-d2f930e5baa1-768x768.jpg 768w\" sizes=\"(max-width: 1080px) 100vw, 1080px\" class=\"no-lazyload\" width=\"1080\" height=\"1080\"  style=\"display: inline-block;\" \/><\/div>","protected":false},"excerpt":{"rendered":"<p>La intendenta de Ingeniero Luiggi Patricia Lavin se mostr\u00f3 expectante respecto al relanzamiento del \u00abPlan Mi Casa\u00bb que prev\u00e9 la construcci\u00f3n de<\/p>\n","protected":false},"author":4,"featured_media":5060,"comment_status":"closed","ping_status":"open","sticky":false,"template":"","format":"standard","meta":{"colormag_page_layout":"default_layout","footnotes":""},"categories":[2],"tags":[],"class_list":["post-5730","post","type-post","status-publish","format-standard","has-post-thumbnail","hentry","category-noticias"],"_links":{"self":[{"href":"https:\/\/oasisfm935.com.ar\/site\/wp-json\/wp\/v2\/posts\/5730","targetHints":{"allow":["GET"]}}],"collection":[{"href":"https:\/\/oasisfm935.com.ar\/site\/wp-json\/wp\/v2\/posts"}],"about":[{"href":"https:\/\/oasisfm935.com.ar\/site\/wp-json\/wp\/v2\/types\/post"}],"author":[{"embeddable":true,"href":"https:\/\/oasisfm935.com.ar\/site\/wp-json\/wp\/v2\/users\/4"}],"replies":[{"embeddable":true,"href":"https:\/\/oasisfm935.com.ar\/site\/wp-json\/wp\/v2\/comments?post=5730"}],"version-history":[{"count":2,"href":"https:\/\/oasisfm935.com.ar\/site\/wp-json\/wp\/v2\/posts\/5730\/revisions"}],"predecessor-version":[{"id":5732,"href":"https:\/\/oasisfm935.com.ar\/site\/wp-json\/wp\/v2\/posts\/5730\/revisions\/5732"}],"wp:featuredmedia":[{"embeddable":true,"href":"https:\/\/oasisfm935.com.ar\/site\/wp-json\/wp\/v2\/media\/5060"}],"wp:attachment":[{"href":"https:\/\/oasisfm935.com.ar\/site\/wp-json\/wp\/v2\/media?parent=5730"}],"wp:term":[{"taxonomy":"category","embeddable":true,"href":"https:\/\/oasisfm935.com.ar\/site\/wp-json\/wp\/v2\/categories?post=5730"},{"taxonomy":"post_tag","embeddable":true,"href":"https:\/\/oasisfm935.com.ar\/site\/wp-json\/wp\/v2\/tags?post=5730"}],"curies":[{"name":"wp","href":"https:\/\/api.w.org\/{rel}","templated":true}]}}