{"id":5733,"date":"2020-07-26T11:24:50","date_gmt":"2020-07-26T14:24:50","guid":{"rendered":"http:\/\/oasisfm935.com\/site\/?p=5733"},"modified":"2020-07-26T11:24:50","modified_gmt":"2020-07-26T14:24:50","slug":"la-pampa-siete-nuevos-casos-positivos-cinco-corresponden-al-brote-en-catrilo-uno-acha-y-otro-en-macachin","status":"publish","type":"post","link":"https:\/\/oasisfm935.com.ar\/site\/la-pampa-siete-nuevos-casos-positivos-cinco-corresponden-al-brote-en-catrilo-uno-acha-y-otro-en-macachin\/","title":{"rendered":"La Pampa: Siete nuevos casos positivos cinco corresponden al brote en Catril\u00f3, uno Acha y otro en Macach\u00edn"},"content":{"rendered":"<p>El Gobierno de la provincia de La Pampa inform\u00f3 que en el d\u00eda de la fecha se contin\u00faa con la investigaci\u00f3n epidemiol\u00f3gica del brote de COVID-19 de Catril\u00f3 que involucra a la vecina localidad de Pellegrini.<\/p>\n<p>Hoy, domingo 26 de julio, se confirmaron<strong>\u00a07 nuevos casos de COVID- 19 con nexo epidemiol\u00f3gico en la localidad de Catril\u00f3 y Pellegrini<\/strong>.\u00a0<strong>De estos 5 son residentes de la localidad de Catril\u00f3, uno en Macach\u00edn y el \u00faltimo en la localidad de General Acha (nexo Pellegrini)<\/strong>.<\/p>\n<h2>Se realiza el seguimiento de contactos estrechos.<\/h2>\n<p>En total en la provincia de La Pampa se han confirmado 40 casos para COVID-19, de los cuales 32 tienen relaci\u00f3n con el brote del noroeste provincial. Se contin\u00faa con la investigaci\u00f3n epidemiol\u00f3gica por lo que la informaci\u00f3n brindada al momento variar\u00e1 de acuerdo a los resultados de la investigaci\u00f3n.<\/p>\n<p>Los casos ya confirmados contin\u00faan cl\u00ednicamente estables en instituciones intermedias prehospitalarias asistidos por profesionales de salud, excepto una paciente que debi\u00f3 ser internada en el Centro Emergente de Asistencia Respiratoria. La localidad de Catril\u00f3 permanecer\u00e1 en fase 1 de aislamiento hasta que la situaci\u00f3n est\u00e9 controlada<\/p>\n<h2><strong>Recomendaciones para el control de la enfermedad:<\/strong><\/h2>\n<ul>\n<li>Mantener el distanciamiento social de 2 metros<\/li>\n<li>Higienizarse frecuentemente las manos (agua y jab\u00f3n o alcohol en gel)<\/li>\n<li>Usar cubrebocanariz cada vez que salga de su casa<\/li>\n<li>No compartir mate ni otros utensillos<\/li>\n<li>Saludarse evitando el contacto f\u00edsico<\/li>\n<li>Toser y estornudar con el pliegue del codo<\/li>\n<li>Usar pa\u00f1uelos descartables<\/li>\n<li>Si presenta s\u00edntomas compatibles con la enfermedad: dolor de garganta, tos, fiebre, dificultad para respirar, alteraci\u00f3n del gusto o del olfato llamar a su m\u00e9dico de cabecera \u00f3 centro de salud de referencia para coordinar la atenci\u00f3n.<\/li>\n<li>Frente a s\u00edntomas, aunque sean leves, no concurrir a su trabajo y evitar contacto con otras personas.<\/li>\n<\/ul>\n<div class=\"oasis-despues-del-contenido\" id=\"oasis-4112223177\"><img loading=\"lazy\" decoding=\"async\" src=\"https:\/\/oasisfm935.com.ar\/site\/wp-content\/uploads\/2020\/08\/47806202-8741-49f2-a5c9-d2f930e5baa1.jpg\" alt=\"\"  srcset=\"https:\/\/oasisfm935.com.ar\/site\/wp-content\/uploads\/2020\/08\/47806202-8741-49f2-a5c9-d2f930e5baa1.jpg 1080w, https:\/\/oasisfm935.com.ar\/site\/wp-content\/uploads\/2020\/08\/47806202-8741-49f2-a5c9-d2f930e5baa1-300x300.jpg 300w, https:\/\/oasisfm935.com.ar\/site\/wp-content\/uploads\/2020\/08\/47806202-8741-49f2-a5c9-d2f930e5baa1-1024x1024.jpg 1024w, https:\/\/oasisfm935.com.ar\/site\/wp-content\/uploads\/2020\/08\/47806202-8741-49f2-a5c9-d2f930e5baa1-150x150.jpg 150w, https:\/\/oasisfm935.com.ar\/site\/wp-content\/uploads\/2020\/08\/47806202-8741-49f2-a5c9-d2f930e5baa1-768x768.jpg 768w\" sizes=\"(max-width: 1080px) 100vw, 1080px\" class=\"no-lazyload\" width=\"1080\" height=\"1080\"  style=\"display: inline-block;\" \/><\/div>","protected":false},"excerpt":{"rendered":"<p>El Gobierno de la provincia de La Pampa inform\u00f3 que en el d\u00eda de la fecha se contin\u00faa con la investigaci\u00f3n epidemiol\u00f3gica<\/p>\n","protected":false},"author":4,"featured_media":5734,"comment_status":"closed","ping_status":"open","sticky":false,"template":"","format":"standard","meta":{"colormag_page_layout":"default_layout","footnotes":""},"categories":[2],"tags":[],"class_list":["post-5733","post","type-post","status-publish","format-standard","has-post-thumbnail","hentry","category-noticias"],"_links":{"self":[{"href":"https:\/\/oasisfm935.com.ar\/site\/wp-json\/wp\/v2\/posts\/5733","targetHints":{"allow":["GET"]}}],"collection":[{"href":"https:\/\/oasisfm935.com.ar\/site\/wp-json\/wp\/v2\/posts"}],"about":[{"href":"https:\/\/oasisfm935.com.ar\/site\/wp-json\/wp\/v2\/types\/post"}],"author":[{"embeddable":true,"href":"https:\/\/oasisfm935.com.ar\/site\/wp-json\/wp\/v2\/users\/4"}],"replies":[{"embeddable":true,"href":"https:\/\/oasisfm935.com.ar\/site\/wp-json\/wp\/v2\/comments?post=5733"}],"version-history":[{"count":1,"href":"https:\/\/oasisfm935.com.ar\/site\/wp-json\/wp\/v2\/posts\/5733\/revisions"}],"predecessor-version":[{"id":5735,"href":"https:\/\/oasisfm935.com.ar\/site\/wp-json\/wp\/v2\/posts\/5733\/revisions\/5735"}],"wp:featuredmedia":[{"embeddable":true,"href":"https:\/\/oasisfm935.com.ar\/site\/wp-json\/wp\/v2\/media\/5734"}],"wp:attachment":[{"href":"https:\/\/oasisfm935.com.ar\/site\/wp-json\/wp\/v2\/media?parent=5733"}],"wp:term":[{"taxonomy":"category","embeddable":true,"href":"https:\/\/oasisfm935.com.ar\/site\/wp-json\/wp\/v2\/categories?post=5733"},{"taxonomy":"post_tag","embeddable":true,"href":"https:\/\/oasisfm935.com.ar\/site\/wp-json\/wp\/v2\/tags?post=5733"}],"curies":[{"name":"wp","href":"https:\/\/api.w.org\/{rel}","templated":true}]}}