{"id":5738,"date":"2020-07-26T20:46:51","date_gmt":"2020-07-26T23:46:51","guid":{"rendered":"http:\/\/oasisfm935.com\/site\/?p=5738"},"modified":"2020-07-26T20:46:51","modified_gmt":"2020-07-26T23:46:51","slug":"siguen-aumentando-los-casos-de-coronavirus-en-la-pampa-hay-6-positivos-mas-y-ya-suman-46-en-total","status":"publish","type":"post","link":"https:\/\/oasisfm935.com.ar\/site\/siguen-aumentando-los-casos-de-coronavirus-en-la-pampa-hay-6-positivos-mas-y-ya-suman-46-en-total\/","title":{"rendered":"Siguen aumentando los casos de Coronavirus en La Pampa: Hay 6 positivos m\u00e1s y ya suman 46 en total"},"content":{"rendered":"<p>Respecto al \u00faltimo informe de Epidemiolog\u00eda en la provincia, se suman seis nuevos casos positivos de personas con COVID-19, de los \u00faltimos 24 hisopados que se realizaron en Catril\u00f3.<\/p>\n<p>En total, en La Pampa se han confirmado desde el inicio de la pandemia 46 casos para COVID-19, de los cuales en los \u00faltimos dos d\u00edas, 37 tienen relaci\u00f3n con el brote de Catril\u00f3 y uno con la localidad de General Acha (con nexo en Pellegrini).<\/p>\n<p>Como resultado de la investigaci\u00f3n de hoy, se detectaron 107 contactos estrechos, que sumados a los 212 informados ayer, conforman un total de 319.<\/p>\n<p>Los contactos estrechos est\u00e1n distribuidos en las localidades de General Acha, Macach\u00edn, Santa Rosa, Toay, Lonquimay, Anguil, Relmo, Guatrache, General Pico y Catril\u00f3.<\/p>\n<p><strong>Investigaci\u00f3n epidemiol\u00f3gica<\/strong><\/p>\n<p>Se contin\u00faa con la investigaci\u00f3n epidemiol\u00f3gica, por lo que la informaci\u00f3n brindada al momento variar\u00e1 de acuerdo a los resultados que se obtengan de la investigaci\u00f3n.<\/p>\n<p>Los casos ya confirmados contin\u00faan cl\u00ednicamente estables, en instituciones intermedias prehospitalarias asistidos por profesionales de salud, excepto una paciente que debi\u00f3 ser internada en el d\u00eda de ayer en el Centro Emergente de Asistencia Respiratorias.<\/p>\n<p>La paciente al momento se encuentra cl\u00ednicamente estable con requerimientos de ox\u00edgeno.<\/p>\n<p>En tanto, la localidad de Catril\u00f3 permanecer\u00e1 en fase 1 de aislamiento hasta que la situaci\u00f3n este controlada.<\/p>\n<p><strong>Recomendaciones<\/strong><\/p>\n<p>Las recomendaciones para el control de la enfermedad: Mantener el distanciamiento social de dos metros; Higienizarse frecuentemente las manos (agua y jab\u00f3n o alcohol en gel); Usar cubreboca nasal cada vez que salga de su casa; No compartir mate ni otros utensilios; Saludarse evitando el contacto f\u00edsico; Toser y estornudar con el pliegue del codo; Usar pa\u00f1uelos descartables; Si presenta s\u00edntomas compatibles con la enfermedad: dolor de garganta, tos, fiebre, dificultad para respirar, alteraci\u00f3n del gusto o del olfato llamar a su m\u00e9dico de cabecera \u00f3 centro de salud de referencia para coordinar la atenci\u00f3n; y Frente a s\u00edntomas, aunque sean leves, no concurrir a su trabajo y evitar contacto con otras personas.<\/p>\n<div class=\"oasis-despues-del-contenido\" id=\"oasis-2084682301\"><img loading=\"lazy\" decoding=\"async\" src=\"https:\/\/oasisfm935.com.ar\/site\/wp-content\/uploads\/2020\/08\/47806202-8741-49f2-a5c9-d2f930e5baa1.jpg\" alt=\"\"  srcset=\"https:\/\/oasisfm935.com.ar\/site\/wp-content\/uploads\/2020\/08\/47806202-8741-49f2-a5c9-d2f930e5baa1.jpg 1080w, https:\/\/oasisfm935.com.ar\/site\/wp-content\/uploads\/2020\/08\/47806202-8741-49f2-a5c9-d2f930e5baa1-300x300.jpg 300w, https:\/\/oasisfm935.com.ar\/site\/wp-content\/uploads\/2020\/08\/47806202-8741-49f2-a5c9-d2f930e5baa1-1024x1024.jpg 1024w, https:\/\/oasisfm935.com.ar\/site\/wp-content\/uploads\/2020\/08\/47806202-8741-49f2-a5c9-d2f930e5baa1-150x150.jpg 150w, https:\/\/oasisfm935.com.ar\/site\/wp-content\/uploads\/2020\/08\/47806202-8741-49f2-a5c9-d2f930e5baa1-768x768.jpg 768w\" sizes=\"(max-width: 1080px) 100vw, 1080px\" class=\"no-lazyload\" width=\"1080\" height=\"1080\"  style=\"display: inline-block;\" \/><\/div>","protected":false},"excerpt":{"rendered":"<p>Respecto al \u00faltimo informe de Epidemiolog\u00eda en la provincia, se suman seis nuevos casos positivos de personas con COVID-19, de los \u00faltimos<\/p>\n","protected":false},"author":4,"featured_media":5740,"comment_status":"closed","ping_status":"open","sticky":false,"template":"","format":"standard","meta":{"colormag_page_layout":"default_layout","footnotes":""},"categories":[2],"tags":[],"class_list":["post-5738","post","type-post","status-publish","format-standard","has-post-thumbnail","hentry","category-noticias"],"_links":{"self":[{"href":"https:\/\/oasisfm935.com.ar\/site\/wp-json\/wp\/v2\/posts\/5738","targetHints":{"allow":["GET"]}}],"collection":[{"href":"https:\/\/oasisfm935.com.ar\/site\/wp-json\/wp\/v2\/posts"}],"about":[{"href":"https:\/\/oasisfm935.com.ar\/site\/wp-json\/wp\/v2\/types\/post"}],"author":[{"embeddable":true,"href":"https:\/\/oasisfm935.com.ar\/site\/wp-json\/wp\/v2\/users\/4"}],"replies":[{"embeddable":true,"href":"https:\/\/oasisfm935.com.ar\/site\/wp-json\/wp\/v2\/comments?post=5738"}],"version-history":[{"count":1,"href":"https:\/\/oasisfm935.com.ar\/site\/wp-json\/wp\/v2\/posts\/5738\/revisions"}],"predecessor-version":[{"id":5741,"href":"https:\/\/oasisfm935.com.ar\/site\/wp-json\/wp\/v2\/posts\/5738\/revisions\/5741"}],"wp:featuredmedia":[{"embeddable":true,"href":"https:\/\/oasisfm935.com.ar\/site\/wp-json\/wp\/v2\/media\/5740"}],"wp:attachment":[{"href":"https:\/\/oasisfm935.com.ar\/site\/wp-json\/wp\/v2\/media?parent=5738"}],"wp:term":[{"taxonomy":"category","embeddable":true,"href":"https:\/\/oasisfm935.com.ar\/site\/wp-json\/wp\/v2\/categories?post=5738"},{"taxonomy":"post_tag","embeddable":true,"href":"https:\/\/oasisfm935.com.ar\/site\/wp-json\/wp\/v2\/tags?post=5738"}],"curies":[{"name":"wp","href":"https:\/\/api.w.org\/{rel}","templated":true}]}}