{"id":5750,"date":"2020-07-27T12:14:04","date_gmt":"2020-07-27T15:14:04","guid":{"rendered":"http:\/\/oasisfm935.com\/site\/?p=5750"},"modified":"2020-07-27T12:18:18","modified_gmt":"2020-07-27T15:18:18","slug":"coronavirus-este-lunes-tres-en-catrilo-y-uno-en-santa-rosa","status":"publish","type":"post","link":"https:\/\/oasisfm935.com.ar\/site\/coronavirus-este-lunes-tres-en-catrilo-y-uno-en-santa-rosa\/","title":{"rendered":"Coronavirus: este lunes, tres en Catril\u00f3 y uno en Santa Rosa"},"content":{"rendered":"<p>El Gobierno de la Provincia de La Pampa comunic\u00f3 que en el d\u00eda de la fecha se contin\u00faa con la investigaci\u00f3n epidemiol\u00f3gica del brote de COVID-19 de la localidad de Catril\u00f3 que involucra a la vecina localidad de Pellegrini.<\/p>\n<p class=\"has-text-color has-background has-very-dark-gray-color has-luminous-vivid-amber-background-color\"><strong>Al momento se suman 4 nuevos casos de COVID-19 relacionados al brote de Catril\u00f3, de los cuales 1 reside en la localidad de Santa Rosa y 3 en Catril\u00f3.<\/strong><\/p>\n<p>En total en la Provincia de La Pampa se han confirmado desde el inicio de la pandemia\u00a0<strong>50 casos\u00a0<\/strong>para COVID-19 de los cuales 7 est\u00e1n recuperados, 1 activo (foco de la verduleria ), 1 activo en General Acha (nexo con Pellegrini) y 41 tienen relaci\u00f3n con el brote de Catril\u00f3, los positivos de este brote tiene residencia: 2 en Santa Rosa, 1 en Macach\u00edn y 38 en Catril\u00f3.<\/p>\n<p>Se han tomado muestras a 169 personas relacionadas al brote de Catril\u00f3, 126 han sido procesadas, de las cuales 41 arrojaron resultado positivo y 43 muestras est\u00e1n pendientes. Del resultado de la investigaci\u00f3n se han detectado un total de 352 contactos estrechos distribuidos en las localidades de General Acha, Macach\u00edn, Santa Rosa, Toay, Lonquimay, Anguil, Relmo, Guatrache, General Pico y Catril\u00f3.<\/p>\n<p>La informaci\u00f3n epidemiol\u00f3gica brindada al momento variar\u00e1 de acuerdo a los resultados de la investigaci\u00f3n.<\/p>\n<p>Los casos ya confirmados contin\u00faan cl\u00ednicamente estables en instituciones intermedias prehospitalarias asistidos por profesionales de salud, excepto una paciente que debi\u00f3 ser internada en el d\u00eda de ayer en el Centro Emergente de Asistencia Respiratorias. La paciente al momento se encuentra cl\u00ednicamente estable con requerimientos de ox\u00edgeno.<\/p>\n<p class=\"has-text-color has-background has-very-light-gray-color has-vivid-red-background-color\"><strong>La localidad de Catril\u00f3 permanecer\u00e1 en fase 1 de aislamiento hasta que la situaci\u00f3n est\u00e9 controlada<\/strong><\/p>\n<div class=\"oasis-despues-del-contenido\" id=\"oasis-3204839037\"><img loading=\"lazy\" decoding=\"async\" src=\"https:\/\/oasisfm935.com.ar\/site\/wp-content\/uploads\/2020\/08\/47806202-8741-49f2-a5c9-d2f930e5baa1.jpg\" alt=\"\"  srcset=\"https:\/\/oasisfm935.com.ar\/site\/wp-content\/uploads\/2020\/08\/47806202-8741-49f2-a5c9-d2f930e5baa1.jpg 1080w, https:\/\/oasisfm935.com.ar\/site\/wp-content\/uploads\/2020\/08\/47806202-8741-49f2-a5c9-d2f930e5baa1-300x300.jpg 300w, https:\/\/oasisfm935.com.ar\/site\/wp-content\/uploads\/2020\/08\/47806202-8741-49f2-a5c9-d2f930e5baa1-1024x1024.jpg 1024w, https:\/\/oasisfm935.com.ar\/site\/wp-content\/uploads\/2020\/08\/47806202-8741-49f2-a5c9-d2f930e5baa1-150x150.jpg 150w, https:\/\/oasisfm935.com.ar\/site\/wp-content\/uploads\/2020\/08\/47806202-8741-49f2-a5c9-d2f930e5baa1-768x768.jpg 768w\" sizes=\"(max-width: 1080px) 100vw, 1080px\" class=\"no-lazyload\" width=\"1080\" height=\"1080\"  style=\"display: inline-block;\" \/><\/div>","protected":false},"excerpt":{"rendered":"<p>El Gobierno de la Provincia de La Pampa comunic\u00f3 que en el d\u00eda de la fecha se contin\u00faa con la investigaci\u00f3n epidemiol\u00f3gica<\/p>\n","protected":false},"author":4,"featured_media":5751,"comment_status":"closed","ping_status":"open","sticky":false,"template":"","format":"standard","meta":{"colormag_page_layout":"default_layout","footnotes":""},"categories":[2],"tags":[],"class_list":["post-5750","post","type-post","status-publish","format-standard","has-post-thumbnail","hentry","category-noticias"],"_links":{"self":[{"href":"https:\/\/oasisfm935.com.ar\/site\/wp-json\/wp\/v2\/posts\/5750","targetHints":{"allow":["GET"]}}],"collection":[{"href":"https:\/\/oasisfm935.com.ar\/site\/wp-json\/wp\/v2\/posts"}],"about":[{"href":"https:\/\/oasisfm935.com.ar\/site\/wp-json\/wp\/v2\/types\/post"}],"author":[{"embeddable":true,"href":"https:\/\/oasisfm935.com.ar\/site\/wp-json\/wp\/v2\/users\/4"}],"replies":[{"embeddable":true,"href":"https:\/\/oasisfm935.com.ar\/site\/wp-json\/wp\/v2\/comments?post=5750"}],"version-history":[{"count":3,"href":"https:\/\/oasisfm935.com.ar\/site\/wp-json\/wp\/v2\/posts\/5750\/revisions"}],"predecessor-version":[{"id":5754,"href":"https:\/\/oasisfm935.com.ar\/site\/wp-json\/wp\/v2\/posts\/5750\/revisions\/5754"}],"wp:featuredmedia":[{"embeddable":true,"href":"https:\/\/oasisfm935.com.ar\/site\/wp-json\/wp\/v2\/media\/5751"}],"wp:attachment":[{"href":"https:\/\/oasisfm935.com.ar\/site\/wp-json\/wp\/v2\/media?parent=5750"}],"wp:term":[{"taxonomy":"category","embeddable":true,"href":"https:\/\/oasisfm935.com.ar\/site\/wp-json\/wp\/v2\/categories?post=5750"},{"taxonomy":"post_tag","embeddable":true,"href":"https:\/\/oasisfm935.com.ar\/site\/wp-json\/wp\/v2\/tags?post=5750"}],"curies":[{"name":"wp","href":"https:\/\/api.w.org\/{rel}","templated":true}]}}