{"id":5766,"date":"2020-07-28T12:37:51","date_gmt":"2020-07-28T15:37:51","guid":{"rendered":"http:\/\/oasisfm935.com\/site\/?p=5766"},"modified":"2020-07-28T12:41:48","modified_gmt":"2020-07-28T15:41:48","slug":"confirman-3-casos-mas-de-coronavirus-en-la-pampa-y-ya-suman-61-los-positivos","status":"publish","type":"post","link":"https:\/\/oasisfm935.com.ar\/site\/confirman-3-casos-mas-de-coronavirus-en-la-pampa-y-ya-suman-61-los-positivos\/","title":{"rendered":"Confirman 3 casos m\u00e1s de coronavirus en La Pampa y ya suman 61 los positivos"},"content":{"rendered":"<p class=\"lead nota-detalle-bajada\"><strong>El Gobierno de La Pampa a trav\u00e9s del Ministerio de Salud comunic\u00f3 que en el d\u00eda de la fecha se han confirmado tres nuevos casos positivos de COVID-19, con residencia en la ciudad de Santa Rosa. Se est\u00e1 realizando la investigaci\u00f3n para determinar nexo epidemiol\u00f3gico.<\/strong><\/p>\n<div class=\"nota-detalle-cuerpo\">\n<p>En total, en la provincia de La Pampa se han confirmado desde el inicio de la pandemia 61 casos positivos para COVID-19 de los cuales 7 est\u00e1n recuperados, 6 activos en Santa Rosa, 1 en General Acha, 40 en Catril\u00f3, 1 en General Pico y 6 en Macach\u00edn.<\/p>\n<p>De los casos positivos confirmados se derivan los contactos estrechos que deber\u00e1n permanecer en aislamiento estricto durante 14 d\u00edas. En La Pampa se detectaron contactos estrechos distribuidos en las localidades de General Acha, Macach\u00edn, Santa Rosa, Toay, Lonquimay, Anguil, Relmo, Guatrach\u00e9, General Pico y Catril\u00f3.<\/p>\n<p>Al d\u00eda de la fecha hay 3 casos positivos confirmados internados en el Centro Emergente de Asistencia Respiratoria del Hospital Lucio Molas. Se trata de dos personas residentes en Catril\u00f3 y una de Santa Rosa.<\/p>\n<p><strong>La localidad de Catril\u00f3 permanecer\u00e1 en Fase 1 de aislamiento hasta que la situaci\u00f3n est\u00e9 controlada<\/strong>.<\/p>\n<\/div>\n<div class=\"oasis-despues-del-contenido\" id=\"oasis-2172165534\"><img loading=\"lazy\" decoding=\"async\" src=\"https:\/\/oasisfm935.com.ar\/site\/wp-content\/uploads\/2020\/08\/47806202-8741-49f2-a5c9-d2f930e5baa1.jpg\" alt=\"\"  srcset=\"https:\/\/oasisfm935.com.ar\/site\/wp-content\/uploads\/2020\/08\/47806202-8741-49f2-a5c9-d2f930e5baa1.jpg 1080w, https:\/\/oasisfm935.com.ar\/site\/wp-content\/uploads\/2020\/08\/47806202-8741-49f2-a5c9-d2f930e5baa1-300x300.jpg 300w, https:\/\/oasisfm935.com.ar\/site\/wp-content\/uploads\/2020\/08\/47806202-8741-49f2-a5c9-d2f930e5baa1-1024x1024.jpg 1024w, https:\/\/oasisfm935.com.ar\/site\/wp-content\/uploads\/2020\/08\/47806202-8741-49f2-a5c9-d2f930e5baa1-150x150.jpg 150w, https:\/\/oasisfm935.com.ar\/site\/wp-content\/uploads\/2020\/08\/47806202-8741-49f2-a5c9-d2f930e5baa1-768x768.jpg 768w\" sizes=\"(max-width: 1080px) 100vw, 1080px\" class=\"no-lazyload\" width=\"1080\" height=\"1080\"  style=\"display: inline-block;\" \/><\/div>","protected":false},"excerpt":{"rendered":"<p>El Gobierno de La Pampa a trav\u00e9s del Ministerio de Salud comunic\u00f3 que en el d\u00eda de la fecha se han confirmado<\/p>\n","protected":false},"author":4,"featured_media":5767,"comment_status":"closed","ping_status":"open","sticky":false,"template":"","format":"standard","meta":{"colormag_page_layout":"default_layout","footnotes":""},"categories":[2],"tags":[],"class_list":["post-5766","post","type-post","status-publish","format-standard","has-post-thumbnail","hentry","category-noticias"],"_links":{"self":[{"href":"https:\/\/oasisfm935.com.ar\/site\/wp-json\/wp\/v2\/posts\/5766","targetHints":{"allow":["GET"]}}],"collection":[{"href":"https:\/\/oasisfm935.com.ar\/site\/wp-json\/wp\/v2\/posts"}],"about":[{"href":"https:\/\/oasisfm935.com.ar\/site\/wp-json\/wp\/v2\/types\/post"}],"author":[{"embeddable":true,"href":"https:\/\/oasisfm935.com.ar\/site\/wp-json\/wp\/v2\/users\/4"}],"replies":[{"embeddable":true,"href":"https:\/\/oasisfm935.com.ar\/site\/wp-json\/wp\/v2\/comments?post=5766"}],"version-history":[{"count":3,"href":"https:\/\/oasisfm935.com.ar\/site\/wp-json\/wp\/v2\/posts\/5766\/revisions"}],"predecessor-version":[{"id":5770,"href":"https:\/\/oasisfm935.com.ar\/site\/wp-json\/wp\/v2\/posts\/5766\/revisions\/5770"}],"wp:featuredmedia":[{"embeddable":true,"href":"https:\/\/oasisfm935.com.ar\/site\/wp-json\/wp\/v2\/media\/5767"}],"wp:attachment":[{"href":"https:\/\/oasisfm935.com.ar\/site\/wp-json\/wp\/v2\/media?parent=5766"}],"wp:term":[{"taxonomy":"category","embeddable":true,"href":"https:\/\/oasisfm935.com.ar\/site\/wp-json\/wp\/v2\/categories?post=5766"},{"taxonomy":"post_tag","embeddable":true,"href":"https:\/\/oasisfm935.com.ar\/site\/wp-json\/wp\/v2\/tags?post=5766"}],"curies":[{"name":"wp","href":"https:\/\/api.w.org\/{rel}","templated":true}]}}