{"id":5771,"date":"2020-07-28T16:23:52","date_gmt":"2020-07-28T19:23:52","guid":{"rendered":"http:\/\/oasisfm935.com\/site\/?p=5771"},"modified":"2020-07-28T16:47:34","modified_gmt":"2020-07-28T19:47:34","slug":"bomberos-sofocaron-un-incendio-en-zona-rural-de-luiggi","status":"publish","type":"post","link":"https:\/\/oasisfm935.com.ar\/site\/bomberos-sofocaron-un-incendio-en-zona-rural-de-luiggi\/","title":{"rendered":"Bomberos sofocaron un incendio en zona rural de Luiggi"},"content":{"rendered":"<p>Se trat\u00f3 de un incendio originado a 5 Km al este de Ingeniero Luiggi.<\/p>\n<p>Zonal Noticias estuvo en el lugar dialogando con los propietarios del predio rural y con Bomberos quienes dijeron que \u00ab<strong>el foco \u00edgneo se origin\u00f3 en una quema controlada de los moradores que se les escap\u00f3 producto de la propagaci\u00f3n del viento<\/strong>\u00ab.<\/p>\n<p><img decoding=\"async\" src=\"https:\/\/zonalnoticias.com\/wp-content\/uploads\/2020\/07\/incendio-campo-luiggi-3.jpg\" \/><\/p>\n<p>&nbsp;<\/p>\n<p>\u201cLa preocupaci\u00f3n de los propietarios era que el fuego estaba cerca de la casa del casco del campo y producto del susto, se convoc\u00f3 a nuestro personal. La due\u00f1a, de apellido Mart\u00edn, que al momento de producirse el fuego se encontraba en el pueblo, cuando vino al cuartel se encontr\u00f3 que no tenemos guardia activa. En estos casos, suena la sirena y se llama al personal y una vez reunidos salimos al lugar,\u201d explic\u00f3 Altamirano.<\/p>\n<p>&nbsp;<\/p>\n<p><strong>El incendio se origin\u00f3 a las 14:10 de este martes. En el lugar se quem\u00f3 aproximadamente una hect\u00e1rea de gram\u00edneas secas. Se control\u00f3 que no tome fuego los alambrados en los corrales, gracias al r\u00e1pido accionar de los voluntarios.<\/strong><\/p>\n<p>&nbsp;<\/p>\n<p><img decoding=\"async\" src=\"https:\/\/zonalnoticias.com\/wp-content\/uploads\/2020\/07\/incendio-campo-luiggi-1.jpg\" \/><\/p>\n<p>&nbsp;<\/p>\n<p style=\"text-align: left\"><strong>\u201cAl lugar asistimos 8 bomberos con tres dotaciones de bomberos a cargo de quien les habla, Sargento Daniel Altamirano<\/strong>,\u201d culmin\u00f3 el bombero ante la consulta de Zonal Noticias.<\/p>\n<p>&nbsp;<\/p>\n<p><img decoding=\"async\" src=\"https:\/\/zonalnoticias.com\/wp-content\/uploads\/2020\/07\/incendio-campo-luiggi-2.jpg\" \/><\/p>\n<div class=\"oasis-despues-del-contenido\" id=\"oasis-2673316227\"><img loading=\"lazy\" decoding=\"async\" src=\"https:\/\/oasisfm935.com.ar\/site\/wp-content\/uploads\/2020\/08\/47806202-8741-49f2-a5c9-d2f930e5baa1.jpg\" alt=\"\"  srcset=\"https:\/\/oasisfm935.com.ar\/site\/wp-content\/uploads\/2020\/08\/47806202-8741-49f2-a5c9-d2f930e5baa1.jpg 1080w, https:\/\/oasisfm935.com.ar\/site\/wp-content\/uploads\/2020\/08\/47806202-8741-49f2-a5c9-d2f930e5baa1-300x300.jpg 300w, https:\/\/oasisfm935.com.ar\/site\/wp-content\/uploads\/2020\/08\/47806202-8741-49f2-a5c9-d2f930e5baa1-1024x1024.jpg 1024w, https:\/\/oasisfm935.com.ar\/site\/wp-content\/uploads\/2020\/08\/47806202-8741-49f2-a5c9-d2f930e5baa1-150x150.jpg 150w, https:\/\/oasisfm935.com.ar\/site\/wp-content\/uploads\/2020\/08\/47806202-8741-49f2-a5c9-d2f930e5baa1-768x768.jpg 768w\" sizes=\"(max-width: 1080px) 100vw, 1080px\" class=\"no-lazyload\" width=\"1080\" height=\"1080\"  style=\"display: inline-block;\" \/><\/div>","protected":false},"excerpt":{"rendered":"<p>Se trat\u00f3 de un incendio originado a 5 Km al este de Ingeniero Luiggi. Zonal Noticias estuvo en el lugar dialogando con<\/p>\n","protected":false},"author":4,"featured_media":5772,"comment_status":"closed","ping_status":"open","sticky":false,"template":"","format":"standard","meta":{"colormag_page_layout":"default_layout","footnotes":""},"categories":[2],"tags":[],"class_list":["post-5771","post","type-post","status-publish","format-standard","has-post-thumbnail","hentry","category-noticias"],"_links":{"self":[{"href":"https:\/\/oasisfm935.com.ar\/site\/wp-json\/wp\/v2\/posts\/5771","targetHints":{"allow":["GET"]}}],"collection":[{"href":"https:\/\/oasisfm935.com.ar\/site\/wp-json\/wp\/v2\/posts"}],"about":[{"href":"https:\/\/oasisfm935.com.ar\/site\/wp-json\/wp\/v2\/types\/post"}],"author":[{"embeddable":true,"href":"https:\/\/oasisfm935.com.ar\/site\/wp-json\/wp\/v2\/users\/4"}],"replies":[{"embeddable":true,"href":"https:\/\/oasisfm935.com.ar\/site\/wp-json\/wp\/v2\/comments?post=5771"}],"version-history":[{"count":4,"href":"https:\/\/oasisfm935.com.ar\/site\/wp-json\/wp\/v2\/posts\/5771\/revisions"}],"predecessor-version":[{"id":5776,"href":"https:\/\/oasisfm935.com.ar\/site\/wp-json\/wp\/v2\/posts\/5771\/revisions\/5776"}],"wp:featuredmedia":[{"embeddable":true,"href":"https:\/\/oasisfm935.com.ar\/site\/wp-json\/wp\/v2\/media\/5772"}],"wp:attachment":[{"href":"https:\/\/oasisfm935.com.ar\/site\/wp-json\/wp\/v2\/media?parent=5771"}],"wp:term":[{"taxonomy":"category","embeddable":true,"href":"https:\/\/oasisfm935.com.ar\/site\/wp-json\/wp\/v2\/categories?post=5771"},{"taxonomy":"post_tag","embeddable":true,"href":"https:\/\/oasisfm935.com.ar\/site\/wp-json\/wp\/v2\/tags?post=5771"}],"curies":[{"name":"wp","href":"https:\/\/api.w.org\/{rel}","templated":true}]}}