{"id":5777,"date":"2020-07-28T16:53:48","date_gmt":"2020-07-28T19:53:48","guid":{"rendered":"http:\/\/oasisfm935.com\/site\/?p=5777"},"modified":"2020-07-28T16:53:48","modified_gmt":"2020-07-28T19:53:48","slug":"la-pampa-por-un-caso-positivo-la-clinica-modelo-solo-atiende-urgencias","status":"publish","type":"post","link":"https:\/\/oasisfm935.com.ar\/site\/la-pampa-por-un-caso-positivo-la-clinica-modelo-solo-atiende-urgencias\/","title":{"rendered":"La Pampa: Por un caso positivo la Cl\u00ednica Modelo solo atiende urgencias"},"content":{"rendered":"<p><strong>El establecimiento de salud inform\u00f3 que una m\u00e9dica de guardia dio positivo y suspendi\u00f3 la mayor\u00eda de las prestaciones.<\/strong><\/p>\n<p>En un comunicado oficial, la Cl\u00ednica Modelo inform\u00f3 que solo atender\u00e1n urgencias \u201cdebido a la confirmaci\u00f3n por parte de epidemiolog\u00eda sobre una m\u00e9dica de guardia de la Instituci\u00f3n con COVID positivo\u201d.<\/p>\n<p>En el informe se se\u00f1ala que \u201chasta tener mayor informaci\u00f3n sobre el estado de situaci\u00f3n actual\u201d se cerrar\u00e1 \u201cla atenci\u00f3n en guardia por el d\u00eda de hoy (no tomar ninguna derivaci\u00f3n)\u201d y se suspenden \u201clas cirug\u00edas programadas de esta semana\u201d.<\/p>\n<p>Este martes al mediod\u00eda el gobierno de La Pampa inform\u00f3 de 3 casos positivos en Santa Rosa y todav\u00eda no se estableci\u00f3 el nexo epiedemiol\u00f3gico.<\/p>\n<div class=\"oasis-despues-del-contenido\" id=\"oasis-2899884864\"><img loading=\"lazy\" decoding=\"async\" src=\"https:\/\/oasisfm935.com.ar\/site\/wp-content\/uploads\/2020\/08\/47806202-8741-49f2-a5c9-d2f930e5baa1.jpg\" alt=\"\"  srcset=\"https:\/\/oasisfm935.com.ar\/site\/wp-content\/uploads\/2020\/08\/47806202-8741-49f2-a5c9-d2f930e5baa1.jpg 1080w, https:\/\/oasisfm935.com.ar\/site\/wp-content\/uploads\/2020\/08\/47806202-8741-49f2-a5c9-d2f930e5baa1-300x300.jpg 300w, https:\/\/oasisfm935.com.ar\/site\/wp-content\/uploads\/2020\/08\/47806202-8741-49f2-a5c9-d2f930e5baa1-1024x1024.jpg 1024w, https:\/\/oasisfm935.com.ar\/site\/wp-content\/uploads\/2020\/08\/47806202-8741-49f2-a5c9-d2f930e5baa1-150x150.jpg 150w, https:\/\/oasisfm935.com.ar\/site\/wp-content\/uploads\/2020\/08\/47806202-8741-49f2-a5c9-d2f930e5baa1-768x768.jpg 768w\" sizes=\"(max-width: 1080px) 100vw, 1080px\" class=\"no-lazyload\" width=\"1080\" height=\"1080\"  style=\"display: inline-block;\" \/><\/div>","protected":false},"excerpt":{"rendered":"<p>El establecimiento de salud inform\u00f3 que una m\u00e9dica de guardia dio positivo y suspendi\u00f3 la mayor\u00eda de las prestaciones. En un comunicado<\/p>\n","protected":false},"author":4,"featured_media":5778,"comment_status":"closed","ping_status":"open","sticky":false,"template":"","format":"standard","meta":{"colormag_page_layout":"default_layout","footnotes":""},"categories":[2],"tags":[],"class_list":["post-5777","post","type-post","status-publish","format-standard","has-post-thumbnail","hentry","category-noticias"],"_links":{"self":[{"href":"https:\/\/oasisfm935.com.ar\/site\/wp-json\/wp\/v2\/posts\/5777","targetHints":{"allow":["GET"]}}],"collection":[{"href":"https:\/\/oasisfm935.com.ar\/site\/wp-json\/wp\/v2\/posts"}],"about":[{"href":"https:\/\/oasisfm935.com.ar\/site\/wp-json\/wp\/v2\/types\/post"}],"author":[{"embeddable":true,"href":"https:\/\/oasisfm935.com.ar\/site\/wp-json\/wp\/v2\/users\/4"}],"replies":[{"embeddable":true,"href":"https:\/\/oasisfm935.com.ar\/site\/wp-json\/wp\/v2\/comments?post=5777"}],"version-history":[{"count":1,"href":"https:\/\/oasisfm935.com.ar\/site\/wp-json\/wp\/v2\/posts\/5777\/revisions"}],"predecessor-version":[{"id":5779,"href":"https:\/\/oasisfm935.com.ar\/site\/wp-json\/wp\/v2\/posts\/5777\/revisions\/5779"}],"wp:featuredmedia":[{"embeddable":true,"href":"https:\/\/oasisfm935.com.ar\/site\/wp-json\/wp\/v2\/media\/5778"}],"wp:attachment":[{"href":"https:\/\/oasisfm935.com.ar\/site\/wp-json\/wp\/v2\/media?parent=5777"}],"wp:term":[{"taxonomy":"category","embeddable":true,"href":"https:\/\/oasisfm935.com.ar\/site\/wp-json\/wp\/v2\/categories?post=5777"},{"taxonomy":"post_tag","embeddable":true,"href":"https:\/\/oasisfm935.com.ar\/site\/wp-json\/wp\/v2\/tags?post=5777"}],"curies":[{"name":"wp","href":"https:\/\/api.w.org\/{rel}","templated":true}]}}