{"id":5786,"date":"2020-07-28T20:21:10","date_gmt":"2020-07-28T23:21:10","guid":{"rendered":"http:\/\/oasisfm935.com\/site\/?p=5786"},"modified":"2020-07-28T20:23:02","modified_gmt":"2020-07-28T23:23:02","slug":"lla-pampa-se-suma-otros-7-caso-de-coronavirus-y-ya-suman-68-casos","status":"publish","type":"post","link":"https:\/\/oasisfm935.com.ar\/site\/lla-pampa-se-suma-otros-7-caso-de-coronavirus-y-ya-suman-68-casos\/","title":{"rendered":"La Pampa: Se suma otros 7 caso de coronavirus y ya suman 68 casos."},"content":{"rendered":"<p>El gobernador\u00a0<strong>Sergio Ziliotto<\/strong>\u00a0anunci\u00f3 que este martes se sumaron\u00a0 otros 10 casos positivos de coronavirus. \u201cA las 18.30 horas hay 7 nuevos casos positivos y ya suman 68 casos\u201d, dijo. Por la ma\u00f1ana hab\u00edan sido tres.<\/p>\n<p><strong>La mitad de la poblaci\u00f3n de La Pampa<\/strong>, a ra\u00edz de la explosi\u00f3n de casos de coronavirus,\u00a0<strong>volvi\u00f3 a retroceder a la primera fase de la cuarentena<\/strong>: el gobernador anunci\u00f3 que, adem\u00e1s de Catril\u00f3,\u00a0<strong>desde este mi\u00e9rcoles vuelven a fase 1 de la cuarentena, con solo actividades esenciales, las localidades de Santa Rosa, Toay y Macach\u00edn<\/strong>.<\/p>\n<p>\u201cNo hemos podido cortar a\u00fan la cadena de contagios. Necesitamos una poblaci\u00f3n quieta, para que la acci\u00f3n del equipo de Salud llegue en la misma velocidad de contagios. Eso se logra con la menor circulaci\u00f3n posible\u201d, dijo.\u00a0<strong>\u201cEstamos viviendo horas dif\u00edcil. Lo que se tem\u00eda, sucedi\u00f3\u201d<\/strong>, dijo.<\/p>\n<p>\u201cEn una semana, hemos incorporado un sinn\u00famero de casos positivos. Con todo lo que eso significa en el desarrollo de la enfermedad\u201d, manifest\u00f3.<\/p>\n<p>\u201cLamentablemente el virus entr\u00f3 de afuera\u201d, dijo. \u201cHicimos much\u00edsimo desde el Estado, desde los tres poderes, para que esto no pasara. La sociedad hizo much\u00edsimo. Pero aqu\u00ed no fallaron los controles ni del Estado ni de aquellas personas que se exponen d\u00eda a d\u00eda por ser quienes llevan adelante las actividades esenciales.\u00a0<strong>Este desborde tiene una causa claramente identificada: la irresponsabilidad social de un grupo min\u00fasculo<\/strong>\u00ab, manifest\u00f3 Ziliotto.<\/p>\n<p>\u201cYa llegar\u00e1 el momento de que cada uno se haga cargo de lo que corresponde\u201d, agreg\u00f3.<\/p>\n<p>Uno de los casos positivos de hoy es una medica de la cl\u00ednica modelo.\u00a0Por eso la instituci\u00f3n restringi\u00f3 al m\u00e1ximo sus actividades.<\/p>\n<p>En total en la provincia de La Pampa se han confirmado, desde el inicio de la pandemia,\u00a0<strong>68 casos<\/strong>\u00a0para Covid-19 .<\/p>\n<p>De esos, 8 est\u00e1n recuperados. Es decir, se habr\u00eda sumado hoy la recuperaci\u00f3n de la mujer due\u00f1a de una verduler\u00eda de Santa Rosa.<\/p>\n<div class=\"oasis-despues-del-contenido\" id=\"oasis-2857715633\"><img loading=\"lazy\" decoding=\"async\" src=\"https:\/\/oasisfm935.com.ar\/site\/wp-content\/uploads\/2020\/08\/47806202-8741-49f2-a5c9-d2f930e5baa1.jpg\" alt=\"\"  srcset=\"https:\/\/oasisfm935.com.ar\/site\/wp-content\/uploads\/2020\/08\/47806202-8741-49f2-a5c9-d2f930e5baa1.jpg 1080w, https:\/\/oasisfm935.com.ar\/site\/wp-content\/uploads\/2020\/08\/47806202-8741-49f2-a5c9-d2f930e5baa1-300x300.jpg 300w, https:\/\/oasisfm935.com.ar\/site\/wp-content\/uploads\/2020\/08\/47806202-8741-49f2-a5c9-d2f930e5baa1-1024x1024.jpg 1024w, https:\/\/oasisfm935.com.ar\/site\/wp-content\/uploads\/2020\/08\/47806202-8741-49f2-a5c9-d2f930e5baa1-150x150.jpg 150w, https:\/\/oasisfm935.com.ar\/site\/wp-content\/uploads\/2020\/08\/47806202-8741-49f2-a5c9-d2f930e5baa1-768x768.jpg 768w\" sizes=\"(max-width: 1080px) 100vw, 1080px\" class=\"no-lazyload\" width=\"1080\" height=\"1080\"  style=\"display: inline-block;\" \/><\/div>","protected":false},"excerpt":{"rendered":"<p>El gobernador\u00a0Sergio Ziliotto\u00a0anunci\u00f3 que este martes se sumaron\u00a0 otros 10 casos positivos de coronavirus. \u201cA las 18.30 horas hay 7 nuevos casos<\/p>\n","protected":false},"author":4,"featured_media":5751,"comment_status":"closed","ping_status":"open","sticky":false,"template":"","format":"standard","meta":{"colormag_page_layout":"default_layout","footnotes":""},"categories":[2],"tags":[],"class_list":["post-5786","post","type-post","status-publish","format-standard","has-post-thumbnail","hentry","category-noticias"],"_links":{"self":[{"href":"https:\/\/oasisfm935.com.ar\/site\/wp-json\/wp\/v2\/posts\/5786","targetHints":{"allow":["GET"]}}],"collection":[{"href":"https:\/\/oasisfm935.com.ar\/site\/wp-json\/wp\/v2\/posts"}],"about":[{"href":"https:\/\/oasisfm935.com.ar\/site\/wp-json\/wp\/v2\/types\/post"}],"author":[{"embeddable":true,"href":"https:\/\/oasisfm935.com.ar\/site\/wp-json\/wp\/v2\/users\/4"}],"replies":[{"embeddable":true,"href":"https:\/\/oasisfm935.com.ar\/site\/wp-json\/wp\/v2\/comments?post=5786"}],"version-history":[{"count":3,"href":"https:\/\/oasisfm935.com.ar\/site\/wp-json\/wp\/v2\/posts\/5786\/revisions"}],"predecessor-version":[{"id":5789,"href":"https:\/\/oasisfm935.com.ar\/site\/wp-json\/wp\/v2\/posts\/5786\/revisions\/5789"}],"wp:featuredmedia":[{"embeddable":true,"href":"https:\/\/oasisfm935.com.ar\/site\/wp-json\/wp\/v2\/media\/5751"}],"wp:attachment":[{"href":"https:\/\/oasisfm935.com.ar\/site\/wp-json\/wp\/v2\/media?parent=5786"}],"wp:term":[{"taxonomy":"category","embeddable":true,"href":"https:\/\/oasisfm935.com.ar\/site\/wp-json\/wp\/v2\/categories?post=5786"},{"taxonomy":"post_tag","embeddable":true,"href":"https:\/\/oasisfm935.com.ar\/site\/wp-json\/wp\/v2\/tags?post=5786"}],"curies":[{"name":"wp","href":"https:\/\/api.w.org\/{rel}","templated":true}]}}