{"id":5790,"date":"2020-07-28T21:33:45","date_gmt":"2020-07-29T00:33:45","guid":{"rendered":"http:\/\/oasisfm935.com\/site\/?p=5790"},"modified":"2020-07-28T21:33:45","modified_gmt":"2020-07-29T00:33:45","slug":"la-pampa-aislaron-preventivamente-a-una-profesional-de-la-salud-de-emb-martini-y-a-otras-15-personas","status":"publish","type":"post","link":"https:\/\/oasisfm935.com.ar\/site\/la-pampa-aislaron-preventivamente-a-una-profesional-de-la-salud-de-emb-martini-y-a-otras-15-personas\/","title":{"rendered":"La Pampa: Aislaron preventivamente a una profesional de la salud de Emb. Martini y a otras 15 personas"},"content":{"rendered":"<p>Una profesional de la salud del Centro Asistencial Samuel Halfon de Embajador Martini estuvo en contacto con una m\u00e9dica de General Pico que dio positivo, por lo cual se la aisl\u00f3 en forma preventiva y se est\u00e1 a la espera del resultado del hisopado. Asimismo se solicit\u00f3 a los pacientes que fueron atendidos por la m\u00e9dica que se aislen a la espera de la prueba.<\/p>\n<p>Fuentes confiables confirmaron a\u00a0<strong>Zonal Noticias<\/strong>\u00a0que una profesional de la salud del Centro Asistencial de Embajador Martini estuvo en contacto con un Covid 19 positivo de General Pico.<\/p>\n<p>\u00abSiempre la profesional tom\u00f3 los recaudos necesarios, uso de tapaboca y distanciamiento social\u00bb, aclar\u00f3 Lorena Ambrosino, quien es t\u00e9cnica de Minoridad y Familia, y se desempe\u00f1a en el centro de salud martinense.<\/p>\n<p>\u00abCuando a la m\u00e9dica de Embajador Martini le comunican que la profesional de General Pico dio positivo, ella transmite la situaci\u00f3n a las autoridades de Epidemiolog\u00eda, por lo que se le realiz\u00f3 el hisopado por ser una trabajadora esencial y permanece en aislamiento por 14 d\u00edas, tanto de positivo o negativo el test, junto con su familia\u00bb, explic\u00f3 Ambrosino a<strong>\u00a0Zonal Noticias.<\/strong><\/p>\n<p>Adem\u00e1s Lorena Ambrosino inform\u00f3 que\u00a0<strong>se contact\u00f3 a todas aquellas personas que la profesional atendi\u00f3 ayer en el centro de salud local.<\/strong><\/p>\n<p>Se les avis\u00f3 que por 48 o 72 horas est\u00e9n aislados hasta que est\u00e9 el resultado del hisopado, como as\u00ed tambi\u00e9n se les pidi\u00f3 que permanezcan aisladas todas las personas que trabajan con ella en el horario de la tarde en el centro de salud\u00bb, indic\u00f3.<\/p>\n<p><strong>La idea es llevar a tranquilidad a la poblaci\u00f3n de que el aislamiento de estas personas es por prevenci\u00f3n\u00bb<\/strong>, se\u00f1al\u00f3.<\/p>\n<p>Seg\u00fan lo informado son alrededor de 15 personas las que se encuentran aisladas.<\/p>\n<p><strong>\u00abSon 5 o 6 familias las que se encuentran aisladas en forma preventiva porque ayer se atendi\u00f3 a un integrante de cada uno de esos grupos familiares, la idea no es alarmar sino llevar tranquilidad a la poblaci\u00f3n\u00bb,<\/strong>\u00a0concluy\u00f3 la referente del centro de salud martinense.<\/p>\n<div class=\"oasis-despues-del-contenido\" id=\"oasis-1010889106\"><img loading=\"lazy\" decoding=\"async\" src=\"https:\/\/oasisfm935.com.ar\/site\/wp-content\/uploads\/2020\/08\/47806202-8741-49f2-a5c9-d2f930e5baa1.jpg\" alt=\"\"  srcset=\"https:\/\/oasisfm935.com.ar\/site\/wp-content\/uploads\/2020\/08\/47806202-8741-49f2-a5c9-d2f930e5baa1.jpg 1080w, https:\/\/oasisfm935.com.ar\/site\/wp-content\/uploads\/2020\/08\/47806202-8741-49f2-a5c9-d2f930e5baa1-300x300.jpg 300w, https:\/\/oasisfm935.com.ar\/site\/wp-content\/uploads\/2020\/08\/47806202-8741-49f2-a5c9-d2f930e5baa1-1024x1024.jpg 1024w, https:\/\/oasisfm935.com.ar\/site\/wp-content\/uploads\/2020\/08\/47806202-8741-49f2-a5c9-d2f930e5baa1-150x150.jpg 150w, https:\/\/oasisfm935.com.ar\/site\/wp-content\/uploads\/2020\/08\/47806202-8741-49f2-a5c9-d2f930e5baa1-768x768.jpg 768w\" sizes=\"(max-width: 1080px) 100vw, 1080px\" class=\"no-lazyload\" width=\"1080\" height=\"1080\"  style=\"display: inline-block;\" \/><\/div>","protected":false},"excerpt":{"rendered":"<p>Una profesional de la salud del Centro Asistencial Samuel Halfon de Embajador Martini estuvo en contacto con una m\u00e9dica de General Pico<\/p>\n","protected":false},"author":4,"featured_media":5791,"comment_status":"closed","ping_status":"open","sticky":false,"template":"","format":"standard","meta":{"colormag_page_layout":"default_layout","footnotes":""},"categories":[2],"tags":[],"class_list":["post-5790","post","type-post","status-publish","format-standard","has-post-thumbnail","hentry","category-noticias"],"_links":{"self":[{"href":"https:\/\/oasisfm935.com.ar\/site\/wp-json\/wp\/v2\/posts\/5790","targetHints":{"allow":["GET"]}}],"collection":[{"href":"https:\/\/oasisfm935.com.ar\/site\/wp-json\/wp\/v2\/posts"}],"about":[{"href":"https:\/\/oasisfm935.com.ar\/site\/wp-json\/wp\/v2\/types\/post"}],"author":[{"embeddable":true,"href":"https:\/\/oasisfm935.com.ar\/site\/wp-json\/wp\/v2\/users\/4"}],"replies":[{"embeddable":true,"href":"https:\/\/oasisfm935.com.ar\/site\/wp-json\/wp\/v2\/comments?post=5790"}],"version-history":[{"count":1,"href":"https:\/\/oasisfm935.com.ar\/site\/wp-json\/wp\/v2\/posts\/5790\/revisions"}],"predecessor-version":[{"id":5792,"href":"https:\/\/oasisfm935.com.ar\/site\/wp-json\/wp\/v2\/posts\/5790\/revisions\/5792"}],"wp:featuredmedia":[{"embeddable":true,"href":"https:\/\/oasisfm935.com.ar\/site\/wp-json\/wp\/v2\/media\/5791"}],"wp:attachment":[{"href":"https:\/\/oasisfm935.com.ar\/site\/wp-json\/wp\/v2\/media?parent=5790"}],"wp:term":[{"taxonomy":"category","embeddable":true,"href":"https:\/\/oasisfm935.com.ar\/site\/wp-json\/wp\/v2\/categories?post=5790"},{"taxonomy":"post_tag","embeddable":true,"href":"https:\/\/oasisfm935.com.ar\/site\/wp-json\/wp\/v2\/tags?post=5790"}],"curies":[{"name":"wp","href":"https:\/\/api.w.org\/{rel}","templated":true}]}}