{"id":5997,"date":"2020-08-03T21:03:43","date_gmt":"2020-08-04T00:03:43","guid":{"rendered":"http:\/\/oasisfm935.com\/site\/?p=5997"},"modified":"2020-08-03T21:04:25","modified_gmt":"2020-08-04T00:04:25","slug":"la-pampa-covid-19-algo-de-alivio-una-jornada-sin-casos-positivos-de-coronavirus","status":"publish","type":"post","link":"https:\/\/oasisfm935.com.ar\/site\/la-pampa-covid-19-algo-de-alivio-una-jornada-sin-casos-positivos-de-coronavirus\/","title":{"rendered":"La Pampa Covid-19: Algo de alivio una jornada sin casos positivos de coronavirus"},"content":{"rendered":"<p>El Gobierno de La Pampa a trav\u00e9s del Ministerio de Salud comunica que en horas de la tarde del 3 de agosto, de un total de 56 muestras analizadas en los laboratorios del Hospital Gobernador Centeno y en el Laboratorio Central de la Direcci\u00f3n de Epidemiolog\u00eda, todas arrojaron resultado negativo.<\/p>\n<p>En total en la provincia de La Pampa se han confirmado desde el inicio de la pandemia 168 casos para COVID-19, de los cuales 22 est\u00e1n recuperados y 146 permanecen activos. Estos \u00faltimos est\u00e1n distribuidos de la siguiente manera: 48 en la ciudad de Santa Rosa, 5 en General Acha, 56 en Catril\u00f3, 19 en General Pico, 10 en Macach\u00edn, 3 en Embajador Martini, 1 en Villa Mirasol, 1 en Santa Isabel, 2 en Toay y 1 en Guatrach\u00e9.<\/p>\n<p>&nbsp;<\/p>\n<p>En la Provincia se contin\u00faan registrando contactos estrechos de los casos confirmados distribuidos en las localidades de General Acha, Macach\u00edn, Santa Rosa, Toay, Lonquimay, Anguil, Relmo, Santa Isabel, Victorica, Intendente Alvear, Quehu\u00e9 y Guatrach\u00e9.<\/p>\n<p>Al d\u00eda de la fecha en la provincia de la Pampa se encuentran internadas un total de 10 personas confirmadas para COVID-19. En General Pico 5 personas internadas en el Hospital Gobernador Centeno, de las cuales 4 con estado moderado y 1 persona en estado grave.<\/p>\n<p>En el Centro Emergente de Asistencia Respiratoria de la localidad de Santa Rosa, se encuentran internadas 5 personas de las cuales 3 con estado moderado y 2 personas contin\u00faan en estado grave.<\/p>\n<p>Se contin\u00faa trabajando en la investigaci\u00f3n epidemiol\u00f3gica y en el procesamiento de muestras, que ser\u00e1n informadas una vez analizadas.<\/p>\n<div class=\"oasis-despues-del-contenido\" id=\"oasis-3317783\"><img loading=\"lazy\" decoding=\"async\" src=\"https:\/\/oasisfm935.com.ar\/site\/wp-content\/uploads\/2020\/08\/47806202-8741-49f2-a5c9-d2f930e5baa1.jpg\" alt=\"\"  srcset=\"https:\/\/oasisfm935.com.ar\/site\/wp-content\/uploads\/2020\/08\/47806202-8741-49f2-a5c9-d2f930e5baa1.jpg 1080w, https:\/\/oasisfm935.com.ar\/site\/wp-content\/uploads\/2020\/08\/47806202-8741-49f2-a5c9-d2f930e5baa1-300x300.jpg 300w, https:\/\/oasisfm935.com.ar\/site\/wp-content\/uploads\/2020\/08\/47806202-8741-49f2-a5c9-d2f930e5baa1-1024x1024.jpg 1024w, https:\/\/oasisfm935.com.ar\/site\/wp-content\/uploads\/2020\/08\/47806202-8741-49f2-a5c9-d2f930e5baa1-150x150.jpg 150w, https:\/\/oasisfm935.com.ar\/site\/wp-content\/uploads\/2020\/08\/47806202-8741-49f2-a5c9-d2f930e5baa1-768x768.jpg 768w\" sizes=\"(max-width: 1080px) 100vw, 1080px\" class=\"no-lazyload\" width=\"1080\" height=\"1080\"  style=\"display: inline-block;\" \/><\/div>","protected":false},"excerpt":{"rendered":"<p>El Gobierno de La Pampa a trav\u00e9s del Ministerio de Salud comunica que en horas de la tarde del 3 de agosto,<\/p>\n","protected":false},"author":4,"featured_media":5998,"comment_status":"closed","ping_status":"open","sticky":false,"template":"","format":"standard","meta":{"colormag_page_layout":"default_layout","footnotes":""},"categories":[2],"tags":[],"class_list":["post-5997","post","type-post","status-publish","format-standard","has-post-thumbnail","hentry","category-noticias"],"_links":{"self":[{"href":"https:\/\/oasisfm935.com.ar\/site\/wp-json\/wp\/v2\/posts\/5997","targetHints":{"allow":["GET"]}}],"collection":[{"href":"https:\/\/oasisfm935.com.ar\/site\/wp-json\/wp\/v2\/posts"}],"about":[{"href":"https:\/\/oasisfm935.com.ar\/site\/wp-json\/wp\/v2\/types\/post"}],"author":[{"embeddable":true,"href":"https:\/\/oasisfm935.com.ar\/site\/wp-json\/wp\/v2\/users\/4"}],"replies":[{"embeddable":true,"href":"https:\/\/oasisfm935.com.ar\/site\/wp-json\/wp\/v2\/comments?post=5997"}],"version-history":[{"count":2,"href":"https:\/\/oasisfm935.com.ar\/site\/wp-json\/wp\/v2\/posts\/5997\/revisions"}],"predecessor-version":[{"id":6000,"href":"https:\/\/oasisfm935.com.ar\/site\/wp-json\/wp\/v2\/posts\/5997\/revisions\/6000"}],"wp:featuredmedia":[{"embeddable":true,"href":"https:\/\/oasisfm935.com.ar\/site\/wp-json\/wp\/v2\/media\/5998"}],"wp:attachment":[{"href":"https:\/\/oasisfm935.com.ar\/site\/wp-json\/wp\/v2\/media?parent=5997"}],"wp:term":[{"taxonomy":"category","embeddable":true,"href":"https:\/\/oasisfm935.com.ar\/site\/wp-json\/wp\/v2\/categories?post=5997"},{"taxonomy":"post_tag","embeddable":true,"href":"https:\/\/oasisfm935.com.ar\/site\/wp-json\/wp\/v2\/tags?post=5997"}],"curies":[{"name":"wp","href":"https:\/\/api.w.org\/{rel}","templated":true}]}}