{"id":6004,"date":"2020-08-04T08:35:48","date_gmt":"2020-08-04T11:35:48","guid":{"rendered":"http:\/\/oasisfm935.com\/site\/?p=6004"},"modified":"2020-08-04T08:36:46","modified_gmt":"2020-08-04T11:36:46","slug":"la-pampa-covid-19-se-aplana-la-curva","status":"publish","type":"post","link":"https:\/\/oasisfm935.com.ar\/site\/la-pampa-covid-19-se-aplana-la-curva\/","title":{"rendered":"La Pampa Covid-19: \u00bfSe aplana la curva?"},"content":{"rendered":"<p>La provincia de La Pampa no registr\u00f3 casos positivos de Covid-19 dentro del territorio en las \u00faltimas 24 horas, seg\u00fan el informe que emiti\u00f3 anoche el Ministerio de Salud. Adem\u00e1s, se recuperaron 14 pacientes, 13 en Catril\u00f3 y uno en Santa Rosa.<\/p>\n<p>Tras varias jornadas con una importante cantidad de casos, que tuvieron un pico de 43 positivos el pasado viernes, la Direcci\u00f3n de Epidemiolog\u00eda brind\u00f3 un alentador parte informativo, en el que anunci\u00f3 que ayer se registraron cero casos.<\/p>\n<p>Desde la cartera sanitaria hab\u00edan informado, en horas de la ma\u00f1ana, que se hab\u00edan analizado \u00abun total de 38 muestras en el laboratorio Central de la Direcci\u00f3n de Epidemiolog\u00eda, las cuales arrojaron resultado negativo para Covid-19\u00bb.<\/p>\n<p>De todas maneras, hab\u00eda advertido que a la tarde se iban a procesar m\u00e1s hisopados. En esa l\u00ednea, anoche precisaron que las 56 muestras que se analizaron, todas dieron negativo. Sin embargo, el \u00faltimo parte epidemiol\u00f3gico lleg\u00f3 con m\u00e1s buenas noticias: 14 personas se recuperaron.<\/p>\n<p>\u00bfSe aplana la curva?<\/p>\n<p>Con la informaci\u00f3n brindada desde Salud, se puede presumir de un aplanamiento de la curva de contagios, debido a que los casos positivos vienen en descenso en los \u00faltimos d\u00edas.<\/p>\n<p>Hasta el momento, informaron, en La Pampa se han confirmado 168 casos de Covid-19, de los cuales 146 siguen activos y 22 se han recuperado -14 correspondientes al brote de Catril\u00f3-.<\/p>\n<p>El parte precisa que los casos activos se encuentran distribuidos de la siguiente manera: 48 en la ciudad de Santa Rosa (que hasta el mediod\u00eda ten\u00eda 49), cinco en General Acha, 56 en Catril\u00f3 (que registraba 69), 19 en General Pico, diez en Macach\u00edn, tres en Embajador Martini, uno en Villa Mirasol, uno en Santa Isabel, dos en Toay y uno en Guatrach\u00e9.<\/p>\n<p>Por otro lado, desde Salud destacaron que \u00abcon el objetivo de bloquear la cadena de contagios se han identificado y aislado 1.253 contactos estrechos de los casos confirmados, tarea que contin\u00faa en forma ininterrumpida\u00bb.<\/p>\n<p>\u00abEn la Provincia se contin\u00faan registrando contactos estrechos de los casos confirmados distribuidos en las localidades de General Acha, Macach\u00edn, Santa Rosa, Toay, Lonquimay, Anguil, Relmo, Santa Isabel, Victorica, Intendente Alvear, Quehu\u00e9 y Guatrach\u00e9\u00bb, agregaron.<\/p>\n<p>Tres graves.<\/p>\n<p>La cartera sanitaria reiter\u00f3 anoche que hay un total de diez personas que siguen internadas tras contagiarse. Cinco de ellas se encuentran en el hospital Centeno de General Pico, \u00abcuatro con estado moderado y una persona en estado grave\u00bb.<\/p>\n<p>En el Centro Emergente de Asistencia Respiratoria de Santa Rosa, hay otros cinco pacientes internados, de los cuales tres est\u00e1n con \u00abestado moderado\u00bb y las dos restantes \u00abcontin\u00faan en estado grave\u00bb.<\/p>\n<p>\u00abEn Santa Rosa se ampli\u00f3 el dispositivo del Centro de Seguimiento de casos sospechosos y contactos estrechos\u00bb, se\u00f1alaron y remarcaron que \u00abesta estrategia tambi\u00e9n se est\u00e1 desarrollando en General Pico\u00bb. \u00abSe contin\u00faa trabajando en la investigaci\u00f3n epidemiol\u00f3gica y en el procesamiento de muestras, que ser\u00e1n informadas una vez analizadas, concluyeron.<\/p>\n<p>Diario La Arena<\/p>\n<div class=\"oasis-despues-del-contenido\" id=\"oasis-3193885533\"><img loading=\"lazy\" decoding=\"async\" src=\"https:\/\/oasisfm935.com.ar\/site\/wp-content\/uploads\/2020\/08\/47806202-8741-49f2-a5c9-d2f930e5baa1.jpg\" alt=\"\"  srcset=\"https:\/\/oasisfm935.com.ar\/site\/wp-content\/uploads\/2020\/08\/47806202-8741-49f2-a5c9-d2f930e5baa1.jpg 1080w, https:\/\/oasisfm935.com.ar\/site\/wp-content\/uploads\/2020\/08\/47806202-8741-49f2-a5c9-d2f930e5baa1-300x300.jpg 300w, https:\/\/oasisfm935.com.ar\/site\/wp-content\/uploads\/2020\/08\/47806202-8741-49f2-a5c9-d2f930e5baa1-1024x1024.jpg 1024w, https:\/\/oasisfm935.com.ar\/site\/wp-content\/uploads\/2020\/08\/47806202-8741-49f2-a5c9-d2f930e5baa1-150x150.jpg 150w, https:\/\/oasisfm935.com.ar\/site\/wp-content\/uploads\/2020\/08\/47806202-8741-49f2-a5c9-d2f930e5baa1-768x768.jpg 768w\" sizes=\"(max-width: 1080px) 100vw, 1080px\" class=\"no-lazyload\" width=\"1080\" height=\"1080\"  style=\"display: inline-block;\" \/><\/div>","protected":false},"excerpt":{"rendered":"<p>La provincia de La Pampa no registr\u00f3 casos positivos de Covid-19 dentro del territorio en las \u00faltimas 24 horas, seg\u00fan el informe<\/p>\n","protected":false},"author":4,"featured_media":6005,"comment_status":"closed","ping_status":"open","sticky":false,"template":"","format":"standard","meta":{"colormag_page_layout":"default_layout","footnotes":""},"categories":[2],"tags":[],"class_list":["post-6004","post","type-post","status-publish","format-standard","has-post-thumbnail","hentry","category-noticias"],"_links":{"self":[{"href":"https:\/\/oasisfm935.com.ar\/site\/wp-json\/wp\/v2\/posts\/6004","targetHints":{"allow":["GET"]}}],"collection":[{"href":"https:\/\/oasisfm935.com.ar\/site\/wp-json\/wp\/v2\/posts"}],"about":[{"href":"https:\/\/oasisfm935.com.ar\/site\/wp-json\/wp\/v2\/types\/post"}],"author":[{"embeddable":true,"href":"https:\/\/oasisfm935.com.ar\/site\/wp-json\/wp\/v2\/users\/4"}],"replies":[{"embeddable":true,"href":"https:\/\/oasisfm935.com.ar\/site\/wp-json\/wp\/v2\/comments?post=6004"}],"version-history":[{"count":2,"href":"https:\/\/oasisfm935.com.ar\/site\/wp-json\/wp\/v2\/posts\/6004\/revisions"}],"predecessor-version":[{"id":6007,"href":"https:\/\/oasisfm935.com.ar\/site\/wp-json\/wp\/v2\/posts\/6004\/revisions\/6007"}],"wp:featuredmedia":[{"embeddable":true,"href":"https:\/\/oasisfm935.com.ar\/site\/wp-json\/wp\/v2\/media\/6005"}],"wp:attachment":[{"href":"https:\/\/oasisfm935.com.ar\/site\/wp-json\/wp\/v2\/media?parent=6004"}],"wp:term":[{"taxonomy":"category","embeddable":true,"href":"https:\/\/oasisfm935.com.ar\/site\/wp-json\/wp\/v2\/categories?post=6004"},{"taxonomy":"post_tag","embeddable":true,"href":"https:\/\/oasisfm935.com.ar\/site\/wp-json\/wp\/v2\/tags?post=6004"}],"curies":[{"name":"wp","href":"https:\/\/api.w.org\/{rel}","templated":true}]}}