{"id":6013,"date":"2020-08-04T11:42:37","date_gmt":"2020-08-04T14:42:37","guid":{"rendered":"http:\/\/oasisfm935.com\/site\/?p=6013"},"modified":"2020-08-04T11:42:37","modified_gmt":"2020-08-04T14:42:37","slug":"la-pampa-ziliotto-celebro-el-acuerdo-con-los-bonistas","status":"publish","type":"post","link":"https:\/\/oasisfm935.com.ar\/site\/la-pampa-ziliotto-celebro-el-acuerdo-con-los-bonistas\/","title":{"rendered":"La Pampa: Ziliotto celebr\u00f3 el acuerdo con los bonistas"},"content":{"rendered":"<p>El gobernador\u00a0<strong>Sergio Ziliotto<\/strong> festej\u00f3 el acuerdo con los bonitas por la deuda argentina. Elogi\u00f3 la \u00abfortaleza y convicci\u00f3n\u00bb del presidente Alberto Fern\u00e1ndez y la \u00abcapacidad\u00bb del ministro de Econom\u00eda Mart\u00edn Guzm\u00e1n.<\/p>\n<p>\u00abLa fortaleza y convicci\u00f3n de \u2066<a href=\"https:\/\/twitter.com\/alferdez\">@alferdez<\/a>\u2069 y la capacidad de \u2066<a href=\"https:\/\/twitter.com\/Martin_M_Guzman\">@Martin_M_Guzman<\/a>\u2069 lograron un acuerdo para pagar la Deuda P\u00fablica que permitir\u00e1 crecer y desarrollar Argentina y luego cumplir con los acreedores. Gobierno y pueblo pampeano acompa\u00f1an el camino elegido\u00bb, expres\u00f3 Ziliotto a trav\u00e9s de su cuenta de Twitter.<\/p>\n<div class=\"oasis-despues-del-contenido\" id=\"oasis-991028152\"><img loading=\"lazy\" decoding=\"async\" src=\"https:\/\/oasisfm935.com.ar\/site\/wp-content\/uploads\/2020\/08\/47806202-8741-49f2-a5c9-d2f930e5baa1.jpg\" alt=\"\"  srcset=\"https:\/\/oasisfm935.com.ar\/site\/wp-content\/uploads\/2020\/08\/47806202-8741-49f2-a5c9-d2f930e5baa1.jpg 1080w, https:\/\/oasisfm935.com.ar\/site\/wp-content\/uploads\/2020\/08\/47806202-8741-49f2-a5c9-d2f930e5baa1-300x300.jpg 300w, https:\/\/oasisfm935.com.ar\/site\/wp-content\/uploads\/2020\/08\/47806202-8741-49f2-a5c9-d2f930e5baa1-1024x1024.jpg 1024w, https:\/\/oasisfm935.com.ar\/site\/wp-content\/uploads\/2020\/08\/47806202-8741-49f2-a5c9-d2f930e5baa1-150x150.jpg 150w, https:\/\/oasisfm935.com.ar\/site\/wp-content\/uploads\/2020\/08\/47806202-8741-49f2-a5c9-d2f930e5baa1-768x768.jpg 768w\" sizes=\"(max-width: 1080px) 100vw, 1080px\" class=\"no-lazyload\" width=\"1080\" height=\"1080\"  style=\"display: inline-block;\" \/><\/div>","protected":false},"excerpt":{"rendered":"<p>El gobernador\u00a0Sergio Ziliotto festej\u00f3 el acuerdo con los bonitas por la deuda argentina. Elogi\u00f3 la \u00abfortaleza y convicci\u00f3n\u00bb del presidente Alberto Fern\u00e1ndez<\/p>\n","protected":false},"author":4,"featured_media":6014,"comment_status":"closed","ping_status":"open","sticky":false,"template":"","format":"standard","meta":{"colormag_page_layout":"default_layout","footnotes":""},"categories":[2],"tags":[],"class_list":["post-6013","post","type-post","status-publish","format-standard","has-post-thumbnail","hentry","category-noticias"],"_links":{"self":[{"href":"https:\/\/oasisfm935.com.ar\/site\/wp-json\/wp\/v2\/posts\/6013","targetHints":{"allow":["GET"]}}],"collection":[{"href":"https:\/\/oasisfm935.com.ar\/site\/wp-json\/wp\/v2\/posts"}],"about":[{"href":"https:\/\/oasisfm935.com.ar\/site\/wp-json\/wp\/v2\/types\/post"}],"author":[{"embeddable":true,"href":"https:\/\/oasisfm935.com.ar\/site\/wp-json\/wp\/v2\/users\/4"}],"replies":[{"embeddable":true,"href":"https:\/\/oasisfm935.com.ar\/site\/wp-json\/wp\/v2\/comments?post=6013"}],"version-history":[{"count":1,"href":"https:\/\/oasisfm935.com.ar\/site\/wp-json\/wp\/v2\/posts\/6013\/revisions"}],"predecessor-version":[{"id":6015,"href":"https:\/\/oasisfm935.com.ar\/site\/wp-json\/wp\/v2\/posts\/6013\/revisions\/6015"}],"wp:featuredmedia":[{"embeddable":true,"href":"https:\/\/oasisfm935.com.ar\/site\/wp-json\/wp\/v2\/media\/6014"}],"wp:attachment":[{"href":"https:\/\/oasisfm935.com.ar\/site\/wp-json\/wp\/v2\/media?parent=6013"}],"wp:term":[{"taxonomy":"category","embeddable":true,"href":"https:\/\/oasisfm935.com.ar\/site\/wp-json\/wp\/v2\/categories?post=6013"},{"taxonomy":"post_tag","embeddable":true,"href":"https:\/\/oasisfm935.com.ar\/site\/wp-json\/wp\/v2\/tags?post=6013"}],"curies":[{"name":"wp","href":"https:\/\/api.w.org\/{rel}","templated":true}]}}