{"id":6016,"date":"2020-08-04T11:57:00","date_gmt":"2020-08-04T14:57:00","guid":{"rendered":"http:\/\/oasisfm935.com\/site\/?p=6016"},"modified":"2020-08-04T12:00:04","modified_gmt":"2020-08-04T15:00:04","slug":"ingeniero-luiggi-coppo-la-resolucion-del-concejo-de-luiggi-avasalla-la-libertad-de-expresion","status":"publish","type":"post","link":"https:\/\/oasisfm935.com.ar\/site\/ingeniero-luiggi-coppo-la-resolucion-del-concejo-de-luiggi-avasalla-la-libertad-de-expresion\/","title":{"rendered":"Ingeniero Luiggi: COPPO \u201cLA RESOLUCI\u00d3N DEL CONCEJO DE LUIGGI AVASALLA LA LIBERTAD DE EXPRESI\u00d3N\u201d"},"content":{"rendered":"<p>El edil Guillermo Coppo como coordinador provincial del Foro de Concejales Radicales de La Pampa sali\u00f3 a respaldar a sus colegas del Bloque UCR de Ingeniero Luiggi por la Resoluci\u00f3n 06\/2020 que fuese dictada en el concejo y que se encuentra en vigencia.<\/p>\n<p>La resoluci\u00f3n que gener\u00f3 el rechazo de los concejales de la UCR establece en su art. 4\u00ba: \u201cToda disposici\u00f3n del Concejo Deliberante -ya sea que se trate de Ordenanza, Resoluci\u00f3n o simple nota-, que requiera notificaci\u00f3n personal a parte interesada, no podr\u00e1 publicarse ni darse a conocer hasta tanto no se haya hecho efectiva la mencionada notificaci\u00f3n.\u201d Mientras que en el art. 5\u00ba dice \u201cDada la importancia de la informaci\u00f3n p\u00fablica y de su difusi\u00f3n completa y responsable, cuando un Concejal difunda informaci\u00f3n p\u00fablica por cualquier medio, deber\u00e1 darse a conocer como fuente oficial de la misma\u201d.<\/p>\n<p>Ante esta normativa Coppo indic\u00f3 \u201cla resoluci\u00f3n dictada por el Concejo Deliberante de Ing. Luiggi es claramente un avasallo a la libertad de expresi\u00f3n, la transparencia y al tapar las voces disidentes. Debemos frenar estos atropellos que con el discurso de una mayor \u201corganizaci\u00f3n\u201d s\u00f3lo impulsan pr\u00e1cticas propias de sistemas autoritarios y no de los \u00f3rganos democr\u00e1ticos como son los legislativos. En tiempos donde los organismos de Gobierno tienden a estar m\u00e1s cercanos a los vecinos y con mayor transparencia, el oficialismo de Luiggi marca un franco retroceso, ampar\u00e1ndose en resoluciones para delimitar el accionar de la oposici\u00f3n y hasta establecen posibles sanciones.\u201d<\/p>\n<p>\u201c\u00c9sta resoluci\u00f3n frena la libre publicaci\u00f3n referida a las cuentas municipales, por ejemplo, por parte de los concejales de la ciudad. A partir de ahora habr\u00e1 que pedir autorizaci\u00f3n y adem\u00e1s se dificulta mucho, al burocratizar, los accesos a la misma\u201d, coment\u00f3 Coppo.<\/p>\n<p>Como pueden impactar esta norma seg\u00fan coment\u00f3 Guillermo Coppo: \u00abLa informaci\u00f3n municipal tiene que ser conocida por todos los vecinos de manera f\u00e1cil y r\u00e1pida. En Pico, gracias a que pudimos informarnos y dar a conocer informaci\u00f3n de la municipalidad, se supo lo que pas\u00f3 en el hogar de ancianos, la \u201ctapera\u201d o en la oficina de tr\u00e1nsito por ejemplo\u201d.<\/p>\n<p>Por otra parte, el edil de General Pico expres\u00f3: \u201cel Estado Argentino ha avanzado en materia de acceso a la informaci\u00f3n p\u00fablica y hasta en su p\u00e1gina web dice: \u2018Todas las personas f\u00edsicas o jur\u00eddicas pueden solicitar informaci\u00f3n p\u00fablica sin necesidad de explicar el motivo de su pedido\u2019. Las rivalidades pol\u00edticas o las miradas distintas de c\u00f3mo llevar adelante nuestra tarea de legisladores no pueden llevar a que se vaya en detrimento de la democracia. Que el PJ de Ingeniero Luiggi tenga mayor\u00eda en el cuerpo no le permite actuar por fuera de las leyes superiores, la democracia se basa en el respeto a las minor\u00edas, no conviertan el Concejo Deliberante de Luiggi en una dictadura de las mayor\u00edas\u201d.<\/p>\n<p>Concluy\u00f3 se\u00f1alando que \u201cVamos a respaldar y acompa\u00f1ar el trabajo que vienen realizando nuestros concejales y seguir los procedimientos para que esto sea solo un error, es inadmisible que la Intendenta habiendo sido Diputada Provincial no haga recapacitar a sus concejales en el brutal error que se encuentran cometiendo\u201d.<\/p>\n<p>fuente plan b<\/p>\n<div class=\"oasis-despues-del-contenido\" id=\"oasis-1696472076\"><img loading=\"lazy\" decoding=\"async\" src=\"https:\/\/oasisfm935.com.ar\/site\/wp-content\/uploads\/2020\/08\/47806202-8741-49f2-a5c9-d2f930e5baa1.jpg\" alt=\"\"  srcset=\"https:\/\/oasisfm935.com.ar\/site\/wp-content\/uploads\/2020\/08\/47806202-8741-49f2-a5c9-d2f930e5baa1.jpg 1080w, https:\/\/oasisfm935.com.ar\/site\/wp-content\/uploads\/2020\/08\/47806202-8741-49f2-a5c9-d2f930e5baa1-300x300.jpg 300w, https:\/\/oasisfm935.com.ar\/site\/wp-content\/uploads\/2020\/08\/47806202-8741-49f2-a5c9-d2f930e5baa1-1024x1024.jpg 1024w, https:\/\/oasisfm935.com.ar\/site\/wp-content\/uploads\/2020\/08\/47806202-8741-49f2-a5c9-d2f930e5baa1-150x150.jpg 150w, https:\/\/oasisfm935.com.ar\/site\/wp-content\/uploads\/2020\/08\/47806202-8741-49f2-a5c9-d2f930e5baa1-768x768.jpg 768w\" sizes=\"(max-width: 1080px) 100vw, 1080px\" class=\"no-lazyload\" width=\"1080\" height=\"1080\"  style=\"display: inline-block;\" \/><\/div>","protected":false},"excerpt":{"rendered":"<p>El edil Guillermo Coppo como coordinador provincial del Foro de Concejales Radicales de La Pampa sali\u00f3 a respaldar a sus colegas del<\/p>\n","protected":false},"author":4,"featured_media":6017,"comment_status":"closed","ping_status":"open","sticky":false,"template":"","format":"standard","meta":{"colormag_page_layout":"default_layout","footnotes":""},"categories":[2],"tags":[],"class_list":["post-6016","post","type-post","status-publish","format-standard","has-post-thumbnail","hentry","category-noticias"],"_links":{"self":[{"href":"https:\/\/oasisfm935.com.ar\/site\/wp-json\/wp\/v2\/posts\/6016","targetHints":{"allow":["GET"]}}],"collection":[{"href":"https:\/\/oasisfm935.com.ar\/site\/wp-json\/wp\/v2\/posts"}],"about":[{"href":"https:\/\/oasisfm935.com.ar\/site\/wp-json\/wp\/v2\/types\/post"}],"author":[{"embeddable":true,"href":"https:\/\/oasisfm935.com.ar\/site\/wp-json\/wp\/v2\/users\/4"}],"replies":[{"embeddable":true,"href":"https:\/\/oasisfm935.com.ar\/site\/wp-json\/wp\/v2\/comments?post=6016"}],"version-history":[{"count":4,"href":"https:\/\/oasisfm935.com.ar\/site\/wp-json\/wp\/v2\/posts\/6016\/revisions"}],"predecessor-version":[{"id":6021,"href":"https:\/\/oasisfm935.com.ar\/site\/wp-json\/wp\/v2\/posts\/6016\/revisions\/6021"}],"wp:featuredmedia":[{"embeddable":true,"href":"https:\/\/oasisfm935.com.ar\/site\/wp-json\/wp\/v2\/media\/6017"}],"wp:attachment":[{"href":"https:\/\/oasisfm935.com.ar\/site\/wp-json\/wp\/v2\/media?parent=6016"}],"wp:term":[{"taxonomy":"category","embeddable":true,"href":"https:\/\/oasisfm935.com.ar\/site\/wp-json\/wp\/v2\/categories?post=6016"},{"taxonomy":"post_tag","embeddable":true,"href":"https:\/\/oasisfm935.com.ar\/site\/wp-json\/wp\/v2\/tags?post=6016"}],"curies":[{"name":"wp","href":"https:\/\/api.w.org\/{rel}","templated":true}]}}