{"id":6026,"date":"2020-08-04T14:08:35","date_gmt":"2020-08-04T17:08:35","guid":{"rendered":"http:\/\/oasisfm935.com\/site\/?p=6026"},"modified":"2020-08-04T14:08:35","modified_gmt":"2020-08-04T17:08:35","slug":"la-pampa-avistaron-un-ovni-en-la-zona-de-arata","status":"publish","type":"post","link":"https:\/\/oasisfm935.com.ar\/site\/la-pampa-avistaron-un-ovni-en-la-zona-de-arata\/","title":{"rendered":"La Pampa: Avistaron un Ovni en la zona de Arata"},"content":{"rendered":"<p>El objeto volador no identificado fue visto al este de Arata y qued\u00f3 registrado en una c\u00e1mara.<\/p>\n<p>Esta ma\u00f1ana, Zonal Noticias consult\u00f3 sobre lo ocurrido a las fuentes policiales de la localidad sobre lo ocurrido, quienes\u00a0<strong>confirmaron el avistamiento de este ovni.<\/strong><\/p>\n<p>\u201c<strong>Uno de los polic\u00edas, que patrullaba en la ruta, vio una luz fuerte e incandescente \u00a0que se mov\u00eda r\u00e1pidamente<\/strong>\u201d manifest\u00f3 el jefe policial de la comisar\u00eda de Arata.<\/p>\n<p>La versi\u00f3n del uniformado se corrobor\u00f3, ya que las c\u00e1maras de seguridad captaron el momento del avistamiento. \u201c<strong>Al respecto, solo podemos decir que se trat\u00f3 de un objeto volador no identificado<\/strong>\u201d sostuvo la fuente policial.<\/p>\n<p>\u201cLa c\u00e1mara de seguridad, est\u00e1 orientada hacia el sentido hacia el este de la localidad, por lo que se observa\u00a0<strong>el objeto luminoso movi\u00e9ndose de norte a sur<\/strong>, paralelo a la ruta nacional 35\u201d explic\u00f3 al ser consultado por nuestro medio, el Subcomisario Jos\u00e9 Mar\u00eda C\u00f3rdoba.<\/p>\n<p>Seg\u00fan el video al que pudo acceder Zonal Noticias,\u00a0<strong>este ovni fue grabado precisamente a la hora 23:51 de este lunes 3 de agosto.<\/strong><\/p>\n<p>Mira el video:<\/p>\n<p><iframe loading=\"lazy\" title=\"C\u00e1mara de seguridad la localidad pampeana de Arata capta OVNI\" width=\"800\" height=\"450\" src=\"https:\/\/www.youtube.com\/embed\/v7YHObL1ROI?feature=oembed\" frameborder=\"0\" allow=\"accelerometer; autoplay; encrypted-media; gyroscope; picture-in-picture\" allowfullscreen><\/iframe><\/p>\n<div class=\"oasis-despues-del-contenido\" id=\"oasis-270801530\"><img loading=\"lazy\" decoding=\"async\" src=\"https:\/\/oasisfm935.com.ar\/site\/wp-content\/uploads\/2020\/08\/47806202-8741-49f2-a5c9-d2f930e5baa1.jpg\" alt=\"\"  srcset=\"https:\/\/oasisfm935.com.ar\/site\/wp-content\/uploads\/2020\/08\/47806202-8741-49f2-a5c9-d2f930e5baa1.jpg 1080w, https:\/\/oasisfm935.com.ar\/site\/wp-content\/uploads\/2020\/08\/47806202-8741-49f2-a5c9-d2f930e5baa1-300x300.jpg 300w, https:\/\/oasisfm935.com.ar\/site\/wp-content\/uploads\/2020\/08\/47806202-8741-49f2-a5c9-d2f930e5baa1-1024x1024.jpg 1024w, https:\/\/oasisfm935.com.ar\/site\/wp-content\/uploads\/2020\/08\/47806202-8741-49f2-a5c9-d2f930e5baa1-150x150.jpg 150w, https:\/\/oasisfm935.com.ar\/site\/wp-content\/uploads\/2020\/08\/47806202-8741-49f2-a5c9-d2f930e5baa1-768x768.jpg 768w\" sizes=\"(max-width: 1080px) 100vw, 1080px\" class=\"no-lazyload\" width=\"1080\" height=\"1080\"  style=\"display: inline-block;\" \/><\/div>","protected":false},"excerpt":{"rendered":"<p>El objeto volador no identificado fue visto al este de Arata y qued\u00f3 registrado en una c\u00e1mara. Esta ma\u00f1ana, Zonal Noticias consult\u00f3<\/p>\n","protected":false},"author":4,"featured_media":6027,"comment_status":"closed","ping_status":"open","sticky":false,"template":"","format":"standard","meta":{"colormag_page_layout":"default_layout","footnotes":""},"categories":[2],"tags":[],"class_list":["post-6026","post","type-post","status-publish","format-standard","has-post-thumbnail","hentry","category-noticias"],"_links":{"self":[{"href":"https:\/\/oasisfm935.com.ar\/site\/wp-json\/wp\/v2\/posts\/6026","targetHints":{"allow":["GET"]}}],"collection":[{"href":"https:\/\/oasisfm935.com.ar\/site\/wp-json\/wp\/v2\/posts"}],"about":[{"href":"https:\/\/oasisfm935.com.ar\/site\/wp-json\/wp\/v2\/types\/post"}],"author":[{"embeddable":true,"href":"https:\/\/oasisfm935.com.ar\/site\/wp-json\/wp\/v2\/users\/4"}],"replies":[{"embeddable":true,"href":"https:\/\/oasisfm935.com.ar\/site\/wp-json\/wp\/v2\/comments?post=6026"}],"version-history":[{"count":1,"href":"https:\/\/oasisfm935.com.ar\/site\/wp-json\/wp\/v2\/posts\/6026\/revisions"}],"predecessor-version":[{"id":6028,"href":"https:\/\/oasisfm935.com.ar\/site\/wp-json\/wp\/v2\/posts\/6026\/revisions\/6028"}],"wp:featuredmedia":[{"embeddable":true,"href":"https:\/\/oasisfm935.com.ar\/site\/wp-json\/wp\/v2\/media\/6027"}],"wp:attachment":[{"href":"https:\/\/oasisfm935.com.ar\/site\/wp-json\/wp\/v2\/media?parent=6026"}],"wp:term":[{"taxonomy":"category","embeddable":true,"href":"https:\/\/oasisfm935.com.ar\/site\/wp-json\/wp\/v2\/categories?post=6026"},{"taxonomy":"post_tag","embeddable":true,"href":"https:\/\/oasisfm935.com.ar\/site\/wp-json\/wp\/v2\/tags?post=6026"}],"curies":[{"name":"wp","href":"https:\/\/api.w.org\/{rel}","templated":true}]}}