{"id":6030,"date":"2020-08-04T18:00:46","date_gmt":"2020-08-04T21:00:46","guid":{"rendered":"http:\/\/oasisfm935.com\/site\/?p=6030"},"modified":"2020-08-04T18:00:46","modified_gmt":"2020-08-04T21:00:46","slug":"los-detalles-del-nuevo-plan-procrear-2020-para-construir-refaccionar-y-ampliar-viviendas","status":"publish","type":"post","link":"https:\/\/oasisfm935.com.ar\/site\/los-detalles-del-nuevo-plan-procrear-2020-para-construir-refaccionar-y-ampliar-viviendas\/","title":{"rendered":"Los detalles del nuevo plan Procrear 2020 para construir, refaccionar y ampliar viviendas"},"content":{"rendered":"<p>El presidente Alberto Fern\u00e1ndez relanz\u00f3 el Plan Procrear que incluye una inversi\u00f3n de $25.000 millones en nueve l\u00edneas de cr\u00e9ditos destinados para la construcci\u00f3n, refacci\u00f3n y ampliaci\u00f3n de viviendas.<\/p>\n<p>Alberto Fern\u00e1ndez relanz\u00f3 este martes el plan Procrear 2020, con un nuevo esquema de una inversi\u00f3n de $25.000 millones distribuidos en nueve l\u00edneas de cr\u00e9ditos y con el objetivo de \u201creactivar la actividad y reducir el d\u00e9ficit habitacional\u201d.<\/p>\n<p>\u201cHabr\u00e1 un esquema de cr\u00e9dito hipotecario y un nuevo cr\u00e9dito personal de acceso a la vivienda. Una l\u00ednea de microcr\u00e9ditos de hasta $50.000 y de refacci\u00f3n de entre $100.000 a $500.000 destinado al mejoramiento de vivienda. No solo para propietarios sino tambi\u00e9n para inquilinos\u201d, anunci\u00f3 la ministra de Desarrollo Territorial y H\u00e1bitat, Mar\u00eda Eugenia Bielsa desde la Residencia de Olivos.<\/p>\n<p>\u201cEsto es un cr\u00e9dito personal para personas que van de 18 a 60 a\u00f1os. Tambi\u00e9n habr\u00e1 cr\u00e9ditos hipotecarios, lotes con servicios, viviendas individuales, cr\u00e9ditos de ampliaci\u00f3n y una nueva l\u00ednea de desarrollos habitacionales: posibilidades de hacer acuerdos entre organizaci\u00f3n para articular el acceso a lotes destinada a sectores pymes\u201d, asegur\u00f3 Bielsa.<\/p>\n<p>De acuerdo con lo indicado por fuentes oficiales, mediante 9 l\u00edneas se construir\u00e1n 14 mil viviendas, se otorgar\u00e1n 273 mil cr\u00e9ditos para refacci\u00f3n y ampliaci\u00f3n, y ser\u00e1n adjudicados 10.000 nuevos lotes con servicios en todo el pa\u00eds.<\/p>\n<p>\u201cTanto para la l\u00ednea microcr\u00e9ditos como para la l\u00ednea Refacci\u00f3n la tasa ser\u00e1 fija de 24%\u201d, ampli\u00f3 Bielsa.<\/p>\n<h2>Las 9 l\u00edneas de cr\u00e9dito del Procrear 2020:<\/h2>\n<ul>\n<li>L\u00ednea\u00a0<strong>Mejoramientos Microcr\u00e9ditos<\/strong>: para mejoramientos de terminaciones y arreglos menores.120 mil cr\u00e9ditos. Personales con tasa fija 24%. Fecha de inscripci\u00f3n: Agosto.<\/li>\n<li>\u00a0L\u00ednea\u00a0<strong>Mejoramientos Refacci\u00f3n<\/strong>: Para refacci\u00f3n general de la vivienda. 70 mil cr\u00e9ditos. Personales con tasa fija 24%. Fecha de inscripci\u00f3n: Agosto.<\/li>\n<li>\u00a0L\u00ednea\u00a0<strong>Mejoramientos sustentables<\/strong>: para realizar intervenciones en la vivienda con el objetivo de incrementar la eficiencia energ\u00e9tica.15 mil cr\u00e9ditos. Personales con tasa fija 24 %. Fecha de inscripci\u00f3n estimada: Octubre.<\/li>\n<li>\u00a0L\u00ednea\u00a0<strong>Mejoramientos Gas<\/strong>: para realizar instalaciones domiciliarias de acceso a la red de gas hasta tres bocas. 34 mil cr\u00e9ditos. Personales con tasa fija 16%. Fecha de inscripci\u00f3n: Agosto.<\/li>\n<li>\u00a0L\u00ednea\u00a0<strong>Ampliaci\u00f3n<\/strong>: para ampliaciones de hasta 20 m2 en viviendas existentes. 2 mil cr\u00e9ditos. Hipotecarios. F\u00f3rmula HogAr. Fecha de inscripci\u00f3n estimada: Septiembre.<\/li>\n<li>\u00a0L\u00ednea\u00a0<strong>Construcci\u00f3n<\/strong>: para construcci\u00f3n de viviendas de hasta 60 m2 en lote Procrear, municipal o propio. 30 mil cr\u00e9ditos. Hipotecarios. F\u00f3rmula HogAr. Fecha de inscripci\u00f3n estimada: Septiembre.<\/li>\n<li>\u00a0L\u00ednea\u00a0<strong>Lotes con Servicios<\/strong>: generaci\u00f3n de suelo urbano para familias que no cuentan con terreno. 10 mil lotes. Cr\u00e9ditos hipotecarios. F\u00f3rmula Hog.Ar. Fecha de inscripci\u00f3n estimada: Septiembre.<\/li>\n<li>\u00a0L\u00ednea\u00a0<strong>Desarrollos Habitacionales<\/strong>: desarrollos de edificios de vivienda multifamiliar en contextos urbanos consolidados. 4 mil viviendas. Cr\u00e9ditos hipotecarios. F\u00f3rmula Hog.Ar. Fecha de licitaciones estimada: Septiembre.<\/li>\n<li>\u00a0L\u00ednea\u00a0<strong>Desarrollos Urban\u00edsticos<\/strong>: desarrollos urban\u00edsticos y de conjuntos de viviendas en predios Procrear. 10 mil viviendas. Cr\u00e9ditos hipotecarios. F\u00f3rmula Hog.Ar. Fecha de licitaciones: Agosto. Fecha de inscripci\u00f3n estimada: Septiembre.<\/li>\n<\/ul>\n<h2>Pr\u00f3ximas entregas<\/h2>\n<p>Se entregar\u00e1n 1.474 viviendas en predios Procrear en 1 agosto y septiembre, bajo los protocolos sanitarios en funci\u00f3n de la pandemia por Covid-19, y se prev\u00e9n m\u00e1s de 8.000 entregas a partir de octubre.<\/p>\n<h2>Nueva f\u00f3rmula HOG.AR.<\/h2>\n<p>\u201cEsta f\u00f3rmula\u00a0<strong>vincula vivienda con el hogar<\/strong>\u201c, destac\u00f3 durante el anuncio la ministra Bielsa.<\/p>\n<p>\u201cHogar\u201d se trata de una f<strong>\u00f3rmula de actualizaci\u00f3n de capital para los cr\u00e9ditos hipotecarios otorgados por Procrear<\/strong>,\u00a0<strong>basada en la evoluci\u00f3n del Coeficiente de Variaci\u00f3n Salarial (CVS) publicado por el INDEC<\/strong>.<\/p>\n<p>Reemplaza al sistema UVA para el otorgamiento de nuevos cr\u00e9ditos.\u00a0Adem\u00e1s, brinda transparencia:\u00a0<strong>se basa en informaci\u00f3n oficial p\u00fablica que ser\u00e1 comunicada en la p\u00e1gina web del Ministerio de Desarrollo Territorial y H\u00e1bitat<\/strong>.<\/p>\n<p>Otorga mayor accesibilidad, estabilidad y previsibilidad: es m\u00e1s baja que en otras modalidades de cr\u00e9dito tradicionales. La relaci\u00f3n de la f\u00f3rmula Hog.Ar con la variaci\u00f3n salarial favorece la estabilidad entre las cuotas a pagar y los ingresos a lo largo de la duraci\u00f3n del cr\u00e9dito.<\/p>\n<p>Protege el patrimonio p\u00fablico: la posibilidad de otorgar cr\u00e9ditos hipotecarios con actualizaci\u00f3n de capital garantiza la sustentabilidad de Procrear y la posibilidad de continuar otorgando nuevos cr\u00e9ditos a m\u00e1s familias.<\/p>\n<h2>Ejes del plan<\/h2>\n<ul>\n<li>\u00a0Actualizaci\u00f3n de la agenda urbana: Amplio rango de destinatarios\/as. Compromiso con la inclusi\u00f3n de personas con discapacidad, el respeto y protecci\u00f3n de las identidades locales, y la perspectiva de g\u00e9nero. Incorpora criterios de conectividad, accesibilidad, sustentabilidad ambiental e higiene comunitaria.<\/li>\n<\/ul>\n<ul>\n<li>Integralidad de los Proyectos: Integraci\u00f3n en la trama urbana. Generaci\u00f3n de espacios p\u00fablicos de calidad y nuevas infraestructuras que permitan usos comerciales, culturales, y comunitarios. Esp\u00edritu federal del programa. Articulaci\u00f3n de la pol\u00edtica p\u00fablica con movimientos sociales y sectores acad\u00e9micos.<\/li>\n<\/ul>\n<ul>\n<li>Dinamizaci\u00f3n de la econom\u00eda: Reactivaci\u00f3n de econom\u00edas locales y generaci\u00f3n de empleo. Reconocimiento del rol estrat\u00e9gico de la construcci\u00f3n. Impulso de la comercializaci\u00f3n y producci\u00f3n nacional. Nueva f\u00f3rmula de actualizaci\u00f3n crediticia (Hog.Ar), que se vincula a la variaci\u00f3n salarial y reemplaza a las UVAs, brindando previsibilidad y transparencia. Busca disminuir las maniobras especulativas en el mercado inmobiliario, en complemento con el Plan Nacional de Suelo Urbano, mediante el registro de valores, usos y crecimiento urbano.<\/li>\n<\/ul>\n<div class=\"oasis-despues-del-contenido\" id=\"oasis-2728089656\"><img loading=\"lazy\" decoding=\"async\" src=\"https:\/\/oasisfm935.com.ar\/site\/wp-content\/uploads\/2020\/08\/47806202-8741-49f2-a5c9-d2f930e5baa1.jpg\" alt=\"\"  srcset=\"https:\/\/oasisfm935.com.ar\/site\/wp-content\/uploads\/2020\/08\/47806202-8741-49f2-a5c9-d2f930e5baa1.jpg 1080w, https:\/\/oasisfm935.com.ar\/site\/wp-content\/uploads\/2020\/08\/47806202-8741-49f2-a5c9-d2f930e5baa1-300x300.jpg 300w, https:\/\/oasisfm935.com.ar\/site\/wp-content\/uploads\/2020\/08\/47806202-8741-49f2-a5c9-d2f930e5baa1-1024x1024.jpg 1024w, https:\/\/oasisfm935.com.ar\/site\/wp-content\/uploads\/2020\/08\/47806202-8741-49f2-a5c9-d2f930e5baa1-150x150.jpg 150w, https:\/\/oasisfm935.com.ar\/site\/wp-content\/uploads\/2020\/08\/47806202-8741-49f2-a5c9-d2f930e5baa1-768x768.jpg 768w\" sizes=\"(max-width: 1080px) 100vw, 1080px\" class=\"no-lazyload\" width=\"1080\" height=\"1080\"  style=\"display: inline-block;\" \/><\/div>","protected":false},"excerpt":{"rendered":"<p>El presidente Alberto Fern\u00e1ndez relanz\u00f3 el Plan Procrear que incluye una inversi\u00f3n de $25.000 millones en nueve l\u00edneas de cr\u00e9ditos destinados para<\/p>\n","protected":false},"author":4,"featured_media":6031,"comment_status":"closed","ping_status":"open","sticky":false,"template":"","format":"standard","meta":{"colormag_page_layout":"default_layout","footnotes":""},"categories":[2],"tags":[],"class_list":["post-6030","post","type-post","status-publish","format-standard","has-post-thumbnail","hentry","category-noticias"],"_links":{"self":[{"href":"https:\/\/oasisfm935.com.ar\/site\/wp-json\/wp\/v2\/posts\/6030","targetHints":{"allow":["GET"]}}],"collection":[{"href":"https:\/\/oasisfm935.com.ar\/site\/wp-json\/wp\/v2\/posts"}],"about":[{"href":"https:\/\/oasisfm935.com.ar\/site\/wp-json\/wp\/v2\/types\/post"}],"author":[{"embeddable":true,"href":"https:\/\/oasisfm935.com.ar\/site\/wp-json\/wp\/v2\/users\/4"}],"replies":[{"embeddable":true,"href":"https:\/\/oasisfm935.com.ar\/site\/wp-json\/wp\/v2\/comments?post=6030"}],"version-history":[{"count":1,"href":"https:\/\/oasisfm935.com.ar\/site\/wp-json\/wp\/v2\/posts\/6030\/revisions"}],"predecessor-version":[{"id":6032,"href":"https:\/\/oasisfm935.com.ar\/site\/wp-json\/wp\/v2\/posts\/6030\/revisions\/6032"}],"wp:featuredmedia":[{"embeddable":true,"href":"https:\/\/oasisfm935.com.ar\/site\/wp-json\/wp\/v2\/media\/6031"}],"wp:attachment":[{"href":"https:\/\/oasisfm935.com.ar\/site\/wp-json\/wp\/v2\/media?parent=6030"}],"wp:term":[{"taxonomy":"category","embeddable":true,"href":"https:\/\/oasisfm935.com.ar\/site\/wp-json\/wp\/v2\/categories?post=6030"},{"taxonomy":"post_tag","embeddable":true,"href":"https:\/\/oasisfm935.com.ar\/site\/wp-json\/wp\/v2\/tags?post=6030"}],"curies":[{"name":"wp","href":"https:\/\/api.w.org\/{rel}","templated":true}]}}