{"id":6040,"date":"2020-08-04T20:04:16","date_gmt":"2020-08-04T23:04:16","guid":{"rendered":"http:\/\/oasisfm935.com\/site\/?p=6040"},"modified":"2020-08-04T20:06:13","modified_gmt":"2020-08-04T23:06:13","slug":"coronavirus-la-pampa-52-muestras-analizadas-hoy-dieron-negativo","status":"publish","type":"post","link":"https:\/\/oasisfm935.com.ar\/site\/coronavirus-la-pampa-52-muestras-analizadas-hoy-dieron-negativo\/","title":{"rendered":"Coronavirus La Pampa: 52 muestras analizadas hoy dieron negativo"},"content":{"rendered":"<p>El Gobierno de la provincia de La Pampa a trav\u00e9s del Ministerio de Salud comunic\u00f3 que, en horas de la tarde del 4 de agosto, 52 muestras analizadas en los laboratorios del Establecimiento Asistencial Gobernador Centeno y en el Laboratorio Central de la Direcci\u00f3n de Epidemiolog\u00eda, arrojaron resultado negativo.<\/p>\n<p>En relaci\u00f3n a la tarea de bloquear la expansi\u00f3n del brote de la semana pasada, actualmente 1.540 personas se encuentran aisladas y monitoreadas por ser contactos estrechos de casos positivos confirmados. Pertenecen a las localidades de General Acha, Macach\u00edn, Santa Rosa, Toay, Lonquimay, Anguil, Relmo, Santa Isabel, Intendente Alvear, Catril\u00f3, Alta Italia, Quehu\u00e9 y Guatrach\u00e9.<\/p>\n<p>En total, en la provincia de La Pampa, se han confirmado desde el inicio de la pandemia 169 casos para COVID-19, de los cuales 22 est\u00e1n recuperados y 147 permanecen activos. Estos \u00faltimos est\u00e1n distribuidos de la siguiente manera: 48 en la ciudad de Santa Rosa, 5 en General Acha, 56 en Catril\u00f3,\u00a0 19 en General Pico, 10 en Macach\u00edn, 3 en Embajador Martini,\u00a0 1 en Villa Mirasol, 1 en Santa Isabel, 2 en Toay, 1 en Guatrach\u00e9 y 1 en Alta Italia.<\/p>\n<p>Al d\u00eda de la fecha en la provincia de la Pampa se encuentran internadas un total de 11 personas confirmadas para COVID-19. En General Pico, 6 personas internadas en el Establecimiento Asistencial Gobernador Centeno de las cuales 5 con estado moderado y 1 persona en estado grave. En el Centro Emergente de Asistencia Respiratoria de la ciudad de Santa Rosa, se encuentran internadas 5 personas de las cuales 2 con estado moderado y 3 personas contin\u00faan en estado grave.<\/p>\n<p>Se contin\u00faa trabajando en la investigaci\u00f3n epidemiol\u00f3gica y en el procesamiento de muestras, que ser\u00e1n informadas una vez analizadas.<\/p>\n<div class=\"oasis-despues-del-contenido\" id=\"oasis-3581246200\"><img loading=\"lazy\" decoding=\"async\" src=\"https:\/\/oasisfm935.com.ar\/site\/wp-content\/uploads\/2020\/08\/47806202-8741-49f2-a5c9-d2f930e5baa1.jpg\" alt=\"\"  srcset=\"https:\/\/oasisfm935.com.ar\/site\/wp-content\/uploads\/2020\/08\/47806202-8741-49f2-a5c9-d2f930e5baa1.jpg 1080w, https:\/\/oasisfm935.com.ar\/site\/wp-content\/uploads\/2020\/08\/47806202-8741-49f2-a5c9-d2f930e5baa1-300x300.jpg 300w, https:\/\/oasisfm935.com.ar\/site\/wp-content\/uploads\/2020\/08\/47806202-8741-49f2-a5c9-d2f930e5baa1-1024x1024.jpg 1024w, https:\/\/oasisfm935.com.ar\/site\/wp-content\/uploads\/2020\/08\/47806202-8741-49f2-a5c9-d2f930e5baa1-150x150.jpg 150w, https:\/\/oasisfm935.com.ar\/site\/wp-content\/uploads\/2020\/08\/47806202-8741-49f2-a5c9-d2f930e5baa1-768x768.jpg 768w\" sizes=\"(max-width: 1080px) 100vw, 1080px\" class=\"no-lazyload\" width=\"1080\" height=\"1080\"  style=\"display: inline-block;\" \/><\/div>","protected":false},"excerpt":{"rendered":"<p>El Gobierno de la provincia de La Pampa a trav\u00e9s del Ministerio de Salud comunic\u00f3 que, en horas de la tarde del<\/p>\n","protected":false},"author":4,"featured_media":6041,"comment_status":"closed","ping_status":"open","sticky":false,"template":"","format":"standard","meta":{"colormag_page_layout":"default_layout","footnotes":""},"categories":[2],"tags":[],"class_list":["post-6040","post","type-post","status-publish","format-standard","has-post-thumbnail","hentry","category-noticias"],"_links":{"self":[{"href":"https:\/\/oasisfm935.com.ar\/site\/wp-json\/wp\/v2\/posts\/6040","targetHints":{"allow":["GET"]}}],"collection":[{"href":"https:\/\/oasisfm935.com.ar\/site\/wp-json\/wp\/v2\/posts"}],"about":[{"href":"https:\/\/oasisfm935.com.ar\/site\/wp-json\/wp\/v2\/types\/post"}],"author":[{"embeddable":true,"href":"https:\/\/oasisfm935.com.ar\/site\/wp-json\/wp\/v2\/users\/4"}],"replies":[{"embeddable":true,"href":"https:\/\/oasisfm935.com.ar\/site\/wp-json\/wp\/v2\/comments?post=6040"}],"version-history":[{"count":1,"href":"https:\/\/oasisfm935.com.ar\/site\/wp-json\/wp\/v2\/posts\/6040\/revisions"}],"predecessor-version":[{"id":6042,"href":"https:\/\/oasisfm935.com.ar\/site\/wp-json\/wp\/v2\/posts\/6040\/revisions\/6042"}],"wp:featuredmedia":[{"embeddable":true,"href":"https:\/\/oasisfm935.com.ar\/site\/wp-json\/wp\/v2\/media\/6041"}],"wp:attachment":[{"href":"https:\/\/oasisfm935.com.ar\/site\/wp-json\/wp\/v2\/media?parent=6040"}],"wp:term":[{"taxonomy":"category","embeddable":true,"href":"https:\/\/oasisfm935.com.ar\/site\/wp-json\/wp\/v2\/categories?post=6040"},{"taxonomy":"post_tag","embeddable":true,"href":"https:\/\/oasisfm935.com.ar\/site\/wp-json\/wp\/v2\/tags?post=6040"}],"curies":[{"name":"wp","href":"https:\/\/api.w.org\/{rel}","templated":true}]}}