{"id":6048,"date":"2020-08-05T11:52:21","date_gmt":"2020-08-05T14:52:21","guid":{"rendered":"http:\/\/oasisfm935.com\/site\/?p=6048"},"modified":"2020-08-05T11:58:37","modified_gmt":"2020-08-05T14:58:37","slug":"se-estrello-avion-de-la-fuerza-aerea-en-el-limite-entre-cordoba-y-san-luis","status":"publish","type":"post","link":"https:\/\/oasisfm935.com.ar\/site\/se-estrello-avion-de-la-fuerza-aerea-en-el-limite-entre-cordoba-y-san-luis\/","title":{"rendered":"Se estrell\u00f3 avi\u00f3n de la Fuerza A\u00e9rea en el limite entre C\u00f3rdoba y San Luis"},"content":{"rendered":"<p>Un avi\u00f3n de la Fuerza A\u00e9rea se estrell\u00f3 este mi\u00e9rcoles en un campo del sur de C\u00f3rdoba, en el l\u00edmite con San Luis, y el piloto logr\u00f3 eyectarse a tiempo.<\/p>\n<p>\u00abSe informa eyecci\u00f3n de piloto de A4-AR. A las 10.05. Distancia 50 km de Villa Mercedes\u00bb, fue el parte interno dentro de la fuerza. El piloto que se eyecto \u00abest\u00e1 bien\u00bb, se indic\u00f3.<\/p>\n<p>El avi\u00f3n siniestrado cay\u00f3 en un campo de la zona de Villa Valeria, al sur de C\u00f3rdoba, precis\u00f3 el diario La Voz del Interior.<\/p>\n<div class=\"oasis-despues-del-contenido\" id=\"oasis-856526594\"><img loading=\"lazy\" decoding=\"async\" src=\"https:\/\/oasisfm935.com.ar\/site\/wp-content\/uploads\/2020\/08\/47806202-8741-49f2-a5c9-d2f930e5baa1.jpg\" alt=\"\"  srcset=\"https:\/\/oasisfm935.com.ar\/site\/wp-content\/uploads\/2020\/08\/47806202-8741-49f2-a5c9-d2f930e5baa1.jpg 1080w, https:\/\/oasisfm935.com.ar\/site\/wp-content\/uploads\/2020\/08\/47806202-8741-49f2-a5c9-d2f930e5baa1-300x300.jpg 300w, https:\/\/oasisfm935.com.ar\/site\/wp-content\/uploads\/2020\/08\/47806202-8741-49f2-a5c9-d2f930e5baa1-1024x1024.jpg 1024w, https:\/\/oasisfm935.com.ar\/site\/wp-content\/uploads\/2020\/08\/47806202-8741-49f2-a5c9-d2f930e5baa1-150x150.jpg 150w, https:\/\/oasisfm935.com.ar\/site\/wp-content\/uploads\/2020\/08\/47806202-8741-49f2-a5c9-d2f930e5baa1-768x768.jpg 768w\" sizes=\"(max-width: 1080px) 100vw, 1080px\" class=\"no-lazyload\" width=\"1080\" height=\"1080\"  style=\"display: inline-block;\" \/><\/div>","protected":false},"excerpt":{"rendered":"<p>Un avi\u00f3n de la Fuerza A\u00e9rea se estrell\u00f3 este mi\u00e9rcoles en un campo del sur de C\u00f3rdoba, en el l\u00edmite con San<\/p>\n","protected":false},"author":4,"featured_media":6049,"comment_status":"closed","ping_status":"open","sticky":false,"template":"","format":"standard","meta":{"colormag_page_layout":"default_layout","footnotes":""},"categories":[2],"tags":[],"class_list":["post-6048","post","type-post","status-publish","format-standard","has-post-thumbnail","hentry","category-noticias"],"_links":{"self":[{"href":"https:\/\/oasisfm935.com.ar\/site\/wp-json\/wp\/v2\/posts\/6048","targetHints":{"allow":["GET"]}}],"collection":[{"href":"https:\/\/oasisfm935.com.ar\/site\/wp-json\/wp\/v2\/posts"}],"about":[{"href":"https:\/\/oasisfm935.com.ar\/site\/wp-json\/wp\/v2\/types\/post"}],"author":[{"embeddable":true,"href":"https:\/\/oasisfm935.com.ar\/site\/wp-json\/wp\/v2\/users\/4"}],"replies":[{"embeddable":true,"href":"https:\/\/oasisfm935.com.ar\/site\/wp-json\/wp\/v2\/comments?post=6048"}],"version-history":[{"count":3,"href":"https:\/\/oasisfm935.com.ar\/site\/wp-json\/wp\/v2\/posts\/6048\/revisions"}],"predecessor-version":[{"id":6052,"href":"https:\/\/oasisfm935.com.ar\/site\/wp-json\/wp\/v2\/posts\/6048\/revisions\/6052"}],"wp:featuredmedia":[{"embeddable":true,"href":"https:\/\/oasisfm935.com.ar\/site\/wp-json\/wp\/v2\/media\/6049"}],"wp:attachment":[{"href":"https:\/\/oasisfm935.com.ar\/site\/wp-json\/wp\/v2\/media?parent=6048"}],"wp:term":[{"taxonomy":"category","embeddable":true,"href":"https:\/\/oasisfm935.com.ar\/site\/wp-json\/wp\/v2\/categories?post=6048"},{"taxonomy":"post_tag","embeddable":true,"href":"https:\/\/oasisfm935.com.ar\/site\/wp-json\/wp\/v2\/tags?post=6048"}],"curies":[{"name":"wp","href":"https:\/\/api.w.org\/{rel}","templated":true}]}}