{"id":6058,"date":"2020-08-05T18:00:31","date_gmt":"2020-08-05T21:00:31","guid":{"rendered":"http:\/\/oasisfm935.com\/site\/?p=6058"},"modified":"2020-08-05T18:00:31","modified_gmt":"2020-08-05T21:00:31","slug":"ingeniero-luiggi-patricia-lavin-hizo-la-denuncia-porque-nuevamente-derribaron-gomas-en-uno-de-los-accesos-clausurados","status":"publish","type":"post","link":"https:\/\/oasisfm935.com.ar\/site\/ingeniero-luiggi-patricia-lavin-hizo-la-denuncia-porque-nuevamente-derribaron-gomas-en-uno-de-los-accesos-clausurados\/","title":{"rendered":"Ingeniero Luiggi: Patricia Lavin hizo la denuncia porque nuevamente derribaron gomas en uno de los accesos clausurados"},"content":{"rendered":"<p>La intendenta de Ingeniero Luiggi Patricia Lavin, arrib\u00f3 esta ma\u00f1ana a uno de los accesos de la localidad donde se est\u00e1n realizando los controles de ingreso y egreso de personas, y habl\u00f3 de las medidas adoptadas en los \u00faltimos d\u00edas ante la situaci\u00f3n epidemiol\u00f3gica en la provincia.<\/p>\n<p>En di\u00e1logo con\u00a0<strong>Zonal Noticias y Oasis FM<\/strong>\u00a0la jefa comunal coment\u00f3\u00a0<strong>\u00abayer hicimos la primera denuncia porque hab\u00edan tirado las gomas que hab\u00edamos colocado en uno de los caminos de tierra, y hoy en la llamada bajada de la Aceitera La Luj\u00e1n nuevamente ocurri\u00f3 lo mismo<\/strong>\u00ab, se lament\u00f3.<\/p>\n<p>\u00abSi dispusimos que no se ingresa por determinados carriles o caminos, por favor no ingresemos.\u00a0<strong>Si hay gomas es un mensaje claro que por ah\u00ed no podemos pasar<\/strong>, y lo reitero porque es fundamental la responsabilidad social de todos\u00bb, manifest\u00f3.<\/p>\n<p><img decoding=\"async\" src=\"https:\/\/zonalnoticias.com\/wp-content\/uploads\/2020\/08\/control-luiggi-gomas-tiradas.png\" \/><\/p>\n<p>Consultada por la decisi\u00f3n del gobierno provincial de ser querellante en el caso de los funcionarios judiciales infractores de la cuarerenta, Lavin opin\u00f3 \u00ab<strong>creo que tiene que ver con una decisi\u00f3n pol\u00edtica que ha tomado nuestro gobernador para poder resguardar a nuestra provincia\u00bb.<\/strong><\/p>\n<p>\u00abEs fundamental el trabajo que se viene haciendo de ir controlando los casos que van apareciendo y es una medida m\u00e1s que se suma a otras para proteger a nuestra provincia\u00bb, se\u00f1al\u00f3.<\/p>\n<p><img decoding=\"async\" src=\"https:\/\/zonalnoticias.com\/wp-content\/uploads\/2020\/08\/control-luiggi-6.jpg\" \/><\/p>\n<p><strong>Hisopados negativos en Luiggi<\/strong><\/p>\n<p>Consultada por los hisopados que se hicieron en Ingeniero Luiggi y que dieron negativo, Lavin expres\u00f3 \u00ab<strong>\u00e9sto da traquilidad, fue un comunicado que emiti\u00f3 nuestro hospital y son los datos oficiales de nuestra localidad a los cuales nos debemos remitir\u00bb.<\/strong><\/p>\n<p>\u00abEs una buena noticia, aunque no quiere decir que estemos exentos que en los pr\u00f3ximos d\u00edas aparezca un Covid positivo\u00bb, aclar\u00f3.<\/p>\n<p><img decoding=\"async\" src=\"https:\/\/zonalnoticias.com\/wp-content\/uploads\/2020\/08\/control-luiggi-1.jpg\" \/><\/p>\n<p>En este sentido explic\u00f3 que \u00abla radiograf\u00eda epidemiol\u00f3gioca de nuestra provinca de los \u00faltimos d\u00edas implic\u00f3 que\u00a0<strong>desde el Comit\u00e9 de Emergencia<\/strong>\u00a0<strong>tom\u00e1ramos estas medidas de control en los accesos de ingreso a la localidad,\u00a0<\/strong>para poder establecer la trazabilidad de las personas que ingresan, poder saber qu\u00e9 comercios o lugares visitaron porque ante un caso eventual, tendremos precisi\u00f3n sobre la inform que tenemos que brindar a Epidemiolog\u00eda\u00bb.<\/p>\n<p><strong>Responsabilidad social<\/strong><\/p>\n<p>Patricia Lavin apel\u00f3 a la \u00abresponsabilidad social de todos e insisti\u00f3 en que aquellas personas que tengan alg\u00fan s\u00edntoma compatible con Covid 19 se comunique al hospital, es fundamental que estemos atentos a las se\u00f1ales de nuestro cuerpo, como lo hizo el transportista de Alta Italia que actu\u00f3 con total responsabilidad\u00bb, destac\u00f3.<\/p>\n<p>\u00abLa clausura de algunos accesos a nuestra localidad fueron medidas que consideramos necesario incorporar, ante la aprici\u00f3n de casos positivos en localidades cercanas a la nuestra, pero no creamos que con este cierre de accesos alternativos, estamos totalmente protegidos\u00bb, indic\u00f3.<\/p>\n<p><img decoding=\"async\" src=\"https:\/\/zonalnoticias.com\/wp-content\/uploads\/2020\/08\/control-luiggi-tapa.jpg\" \/><\/p>\n<p>\u00abCada uno debemos ser responsables en el uso del tapabocas, el distanciamiento, el tratar de quedarnos en nuestras casas y salir lo justo y necesario, porque por suerte en Ingeniero Luiggi podemos sostener la Fase 5 que nos permite seguir haciendo actividad recreativa, los comercios siguen abiertos y este estatus lo tenemos que cuidar entre todos: el municipio, la polic\u00eda, el hospital, los bomberos y toda la comunidad en general\u00bb, resalt\u00f3 la intendenta.<\/p>\n<p>Por \u00faltimo Lavin hizo un agradecimiento especial a la polic\u00eda y al personal de tr\u00e1nsito \u00abque le est\u00e1 dedidando muchas horas a los controles\u00bb.<\/p>\n<p><img decoding=\"async\" src=\"https:\/\/zonalnoticias.com\/wp-content\/uploads\/2020\/08\/control-luiggi-3.jpg\" \/><\/p>\n<div class=\"oasis-despues-del-contenido\" id=\"oasis-2948757373\"><img loading=\"lazy\" decoding=\"async\" src=\"https:\/\/oasisfm935.com.ar\/site\/wp-content\/uploads\/2020\/08\/47806202-8741-49f2-a5c9-d2f930e5baa1.jpg\" alt=\"\"  srcset=\"https:\/\/oasisfm935.com.ar\/site\/wp-content\/uploads\/2020\/08\/47806202-8741-49f2-a5c9-d2f930e5baa1.jpg 1080w, https:\/\/oasisfm935.com.ar\/site\/wp-content\/uploads\/2020\/08\/47806202-8741-49f2-a5c9-d2f930e5baa1-300x300.jpg 300w, https:\/\/oasisfm935.com.ar\/site\/wp-content\/uploads\/2020\/08\/47806202-8741-49f2-a5c9-d2f930e5baa1-1024x1024.jpg 1024w, https:\/\/oasisfm935.com.ar\/site\/wp-content\/uploads\/2020\/08\/47806202-8741-49f2-a5c9-d2f930e5baa1-150x150.jpg 150w, https:\/\/oasisfm935.com.ar\/site\/wp-content\/uploads\/2020\/08\/47806202-8741-49f2-a5c9-d2f930e5baa1-768x768.jpg 768w\" sizes=\"(max-width: 1080px) 100vw, 1080px\" class=\"no-lazyload\" width=\"1080\" height=\"1080\"  style=\"display: inline-block;\" \/><\/div>","protected":false},"excerpt":{"rendered":"<p>La intendenta de Ingeniero Luiggi Patricia Lavin, arrib\u00f3 esta ma\u00f1ana a uno de los accesos de la localidad donde se est\u00e1n realizando<\/p>\n","protected":false},"author":4,"featured_media":6059,"comment_status":"closed","ping_status":"open","sticky":false,"template":"","format":"standard","meta":{"colormag_page_layout":"default_layout","footnotes":""},"categories":[2],"tags":[],"class_list":["post-6058","post","type-post","status-publish","format-standard","has-post-thumbnail","hentry","category-noticias"],"_links":{"self":[{"href":"https:\/\/oasisfm935.com.ar\/site\/wp-json\/wp\/v2\/posts\/6058","targetHints":{"allow":["GET"]}}],"collection":[{"href":"https:\/\/oasisfm935.com.ar\/site\/wp-json\/wp\/v2\/posts"}],"about":[{"href":"https:\/\/oasisfm935.com.ar\/site\/wp-json\/wp\/v2\/types\/post"}],"author":[{"embeddable":true,"href":"https:\/\/oasisfm935.com.ar\/site\/wp-json\/wp\/v2\/users\/4"}],"replies":[{"embeddable":true,"href":"https:\/\/oasisfm935.com.ar\/site\/wp-json\/wp\/v2\/comments?post=6058"}],"version-history":[{"count":1,"href":"https:\/\/oasisfm935.com.ar\/site\/wp-json\/wp\/v2\/posts\/6058\/revisions"}],"predecessor-version":[{"id":6060,"href":"https:\/\/oasisfm935.com.ar\/site\/wp-json\/wp\/v2\/posts\/6058\/revisions\/6060"}],"wp:featuredmedia":[{"embeddable":true,"href":"https:\/\/oasisfm935.com.ar\/site\/wp-json\/wp\/v2\/media\/6059"}],"wp:attachment":[{"href":"https:\/\/oasisfm935.com.ar\/site\/wp-json\/wp\/v2\/media?parent=6058"}],"wp:term":[{"taxonomy":"category","embeddable":true,"href":"https:\/\/oasisfm935.com.ar\/site\/wp-json\/wp\/v2\/categories?post=6058"},{"taxonomy":"post_tag","embeddable":true,"href":"https:\/\/oasisfm935.com.ar\/site\/wp-json\/wp\/v2\/tags?post=6058"}],"curies":[{"name":"wp","href":"https:\/\/api.w.org\/{rel}","templated":true}]}}