{"id":6070,"date":"2020-08-06T13:05:49","date_gmt":"2020-08-06T16:05:49","guid":{"rendered":"http:\/\/oasisfm935.com\/site\/?p=6070"},"modified":"2020-08-06T13:05:49","modified_gmt":"2020-08-06T16:05:49","slug":"excelente-noticia-continuan-dando-negativos-los-hisopados-por-coronavirus-en-la-pampa","status":"publish","type":"post","link":"https:\/\/oasisfm935.com.ar\/site\/excelente-noticia-continuan-dando-negativos-los-hisopados-por-coronavirus-en-la-pampa\/","title":{"rendered":"\u00a1Excelente noticia! Contin\u00faan dando negativos los hisopados por coronavirus en La Pampa."},"content":{"rendered":"<p>Seg\u00fan el resultado de los an\u00e1lisis procesados en la ma\u00f1ana de hoy, jueves 6 de agosto, un total de 41 muestras resultaron negativas para COVID-19.<\/p>\n<p>En total, en la provincia de La Pampa, se han confirmado desde el inicio de la pandemia 169 casos positivos para COVID-19, de los cuales 22 est\u00e1n recuperados y 147 permanecen activos. Estos \u00faltimos est\u00e1n distribuidos de la siguiente manera: 48 en la ciudad de Santa Rosa, 5 en General Acha, 56 en Catril\u00f3, 19 en General Pico, 10 en Macach\u00edn, 3 en Embajador Martini, 1 en Villa Mirasol, 1 en Santa Isabel, 2 en Toay, 1 Guatrach\u00e9 y 1 en Alta Italia.<\/p>\n<p>Los contactos estrechos de los casos confirmados se encuentran estrictamente aislados y est\u00e1n distribuidos en las localidades de General Acha, Macach\u00edn, Santa Rosa, Toay, Lonquimay, Anguil, Relmo, Santa Isabel, Intendente Alvear, Catril\u00f3, Alta Italia, General Pico, Quehu\u00e9 y Guatrach\u00e9.<\/p>\n<p>Al d\u00eda de la fecha en la Provincia de la Pampa se encuentran internadas un total de 11 personas confirmadas para COVID-19. En General Pico 6 personas internadas en el Establecimiento Asistencial Gobernador Centeno, de las cuales 5 con estado moderado y 1 persona en estado grave<\/p>\n<p>En el Centro Emergente de Asistencia Respiratoria de la ciudad de Santa Rosa, se encuentran internadas 5 personas de las cuales 3 se encuentran con estado moderado y 2 contin\u00faan en estado grave en terapia intensiva y una de ellas con estado reservado.<\/p>\n<p>Se contin\u00faa trabajando en la investigaci\u00f3n epidemiol\u00f3gica y en el procesamiento de muestras, resultados que ser\u00e1n informados una vez analizadas.<\/p>\n<div class=\"oasis-despues-del-contenido\" id=\"oasis-2900904340\"><img loading=\"lazy\" decoding=\"async\" src=\"https:\/\/oasisfm935.com.ar\/site\/wp-content\/uploads\/2020\/08\/47806202-8741-49f2-a5c9-d2f930e5baa1.jpg\" alt=\"\"  srcset=\"https:\/\/oasisfm935.com.ar\/site\/wp-content\/uploads\/2020\/08\/47806202-8741-49f2-a5c9-d2f930e5baa1.jpg 1080w, https:\/\/oasisfm935.com.ar\/site\/wp-content\/uploads\/2020\/08\/47806202-8741-49f2-a5c9-d2f930e5baa1-300x300.jpg 300w, https:\/\/oasisfm935.com.ar\/site\/wp-content\/uploads\/2020\/08\/47806202-8741-49f2-a5c9-d2f930e5baa1-1024x1024.jpg 1024w, https:\/\/oasisfm935.com.ar\/site\/wp-content\/uploads\/2020\/08\/47806202-8741-49f2-a5c9-d2f930e5baa1-150x150.jpg 150w, https:\/\/oasisfm935.com.ar\/site\/wp-content\/uploads\/2020\/08\/47806202-8741-49f2-a5c9-d2f930e5baa1-768x768.jpg 768w\" sizes=\"(max-width: 1080px) 100vw, 1080px\" class=\"no-lazyload\" width=\"1080\" height=\"1080\"  style=\"display: inline-block;\" \/><\/div>","protected":false},"excerpt":{"rendered":"<p>Seg\u00fan el resultado de los an\u00e1lisis procesados en la ma\u00f1ana de hoy, jueves 6 de agosto, un total de 41 muestras resultaron<\/p>\n","protected":false},"author":4,"featured_media":6071,"comment_status":"closed","ping_status":"open","sticky":false,"template":"","format":"standard","meta":{"colormag_page_layout":"default_layout","footnotes":""},"categories":[2],"tags":[],"class_list":["post-6070","post","type-post","status-publish","format-standard","has-post-thumbnail","hentry","category-noticias"],"_links":{"self":[{"href":"https:\/\/oasisfm935.com.ar\/site\/wp-json\/wp\/v2\/posts\/6070","targetHints":{"allow":["GET"]}}],"collection":[{"href":"https:\/\/oasisfm935.com.ar\/site\/wp-json\/wp\/v2\/posts"}],"about":[{"href":"https:\/\/oasisfm935.com.ar\/site\/wp-json\/wp\/v2\/types\/post"}],"author":[{"embeddable":true,"href":"https:\/\/oasisfm935.com.ar\/site\/wp-json\/wp\/v2\/users\/4"}],"replies":[{"embeddable":true,"href":"https:\/\/oasisfm935.com.ar\/site\/wp-json\/wp\/v2\/comments?post=6070"}],"version-history":[{"count":1,"href":"https:\/\/oasisfm935.com.ar\/site\/wp-json\/wp\/v2\/posts\/6070\/revisions"}],"predecessor-version":[{"id":6072,"href":"https:\/\/oasisfm935.com.ar\/site\/wp-json\/wp\/v2\/posts\/6070\/revisions\/6072"}],"wp:featuredmedia":[{"embeddable":true,"href":"https:\/\/oasisfm935.com.ar\/site\/wp-json\/wp\/v2\/media\/6071"}],"wp:attachment":[{"href":"https:\/\/oasisfm935.com.ar\/site\/wp-json\/wp\/v2\/media?parent=6070"}],"wp:term":[{"taxonomy":"category","embeddable":true,"href":"https:\/\/oasisfm935.com.ar\/site\/wp-json\/wp\/v2\/categories?post=6070"},{"taxonomy":"post_tag","embeddable":true,"href":"https:\/\/oasisfm935.com.ar\/site\/wp-json\/wp\/v2\/tags?post=6070"}],"curies":[{"name":"wp","href":"https:\/\/api.w.org\/{rel}","templated":true}]}}