{"id":6076,"date":"2020-08-06T20:18:38","date_gmt":"2020-08-06T23:18:38","guid":{"rendered":"http:\/\/oasisfm935.com\/site\/?p=6076"},"modified":"2020-08-06T20:18:45","modified_gmt":"2020-08-06T23:18:45","slug":"confirmaron-tres-nuevos-casos-de-coronavirus-en-la-pampa-uno-de-ellos-se-registro-en-general-pico","status":"publish","type":"post","link":"https:\/\/oasisfm935.com.ar\/site\/confirmaron-tres-nuevos-casos-de-coronavirus-en-la-pampa-uno-de-ellos-se-registro-en-general-pico\/","title":{"rendered":"Confirmaron tres nuevos casos de coronavirus en La Pampa: uno de ellos se registr\u00f3 en General Pico"},"content":{"rendered":"<p>Los 3 nuevos casos se encontraban en estricto aislamiento porque eran contacto estrecho de otros positivos.<\/p>\n<p>El Gobierno de la provincia de La Pampa a trav\u00e9s del Ministerio de Salud comunica que en horas de la tarde del 6 de agosto, de un total de 65 muestras analizadas 3 resultaron positivas para COVID-19, dos pertenecientes a la localidad de Catril\u00f3 y una residente en General Pico.<\/p>\n<p>En el d\u00eda de la fecha se han recuperado 6 personas, 2 pertenecientes a Catril\u00f3 y 4 de la localidad de Macach\u00edn.<\/p>\n<p><strong>Situaci\u00f3n Provincial<\/strong><\/p>\n<p>En total, en la provincia de La Pampa, se han confirmado desde el inicio de la pandemia 172 casos para COVID-19, de los cuales 28 est\u00e1n recuperados y 144 permanecen activos. Estos \u00faltimos est\u00e1n distribuidos de la siguiente manera: 48 en la ciudad de Santa Rosa, 5 en General Acha, 56 en Catril\u00f3, 20 en General Pico, 6 en Macach\u00edn, 3 en Embajador Martini, 1 en Villa Mirasol, 1 en Santa Isabel, 2 en Toay, 1 en Guatrach\u00e9 y 1 en Alta Italia.<\/p>\n<p>En la Provincia, al d\u00eda de la fecha, hay un total de 1411 contactos estrechos de los casos confirmados, distribuidos en las localidades de General Acha, Macach\u00edn, Santa Rosa, Toay, Lonquimay, Anguil, Relmo, Santa Isabel, Intendente Alvear, Catril\u00f3, Alta Italia, General Pico, Quehu\u00e9 y Guatrach\u00e9.<\/p>\n<p>Al d\u00eda de la fecha en la provincia de La Pampa se encuentran internadas un total de 10 personas confirmadas para COVID-19. En General Pico 6 personas internadas en el Hospital Gobernador Centeno, de las cuales 5 con estado moderado y 1 persona en estado grave. En el Centro Emergente de Asistencia Respiratoria de Santa Rosa, se encuentran internadas 4 personas de las cuales 1 se encuentra en estado moderado, 2 contin\u00faan en estado grave en terapia intensiva y 1 en estado moderado grave, sin requerimiento de cuidados intensivos.<\/p>\n<p>Se contin\u00faa trabajando en la investigaci\u00f3n epidemiol\u00f3gica y en el procesamiento de muestras, que ser\u00e1n informadas una vez analizadas.<\/p>\n<div class=\"oasis-despues-del-contenido\" id=\"oasis-4024631833\"><img loading=\"lazy\" decoding=\"async\" src=\"https:\/\/oasisfm935.com.ar\/site\/wp-content\/uploads\/2020\/08\/47806202-8741-49f2-a5c9-d2f930e5baa1.jpg\" alt=\"\"  srcset=\"https:\/\/oasisfm935.com.ar\/site\/wp-content\/uploads\/2020\/08\/47806202-8741-49f2-a5c9-d2f930e5baa1.jpg 1080w, https:\/\/oasisfm935.com.ar\/site\/wp-content\/uploads\/2020\/08\/47806202-8741-49f2-a5c9-d2f930e5baa1-300x300.jpg 300w, https:\/\/oasisfm935.com.ar\/site\/wp-content\/uploads\/2020\/08\/47806202-8741-49f2-a5c9-d2f930e5baa1-1024x1024.jpg 1024w, https:\/\/oasisfm935.com.ar\/site\/wp-content\/uploads\/2020\/08\/47806202-8741-49f2-a5c9-d2f930e5baa1-150x150.jpg 150w, https:\/\/oasisfm935.com.ar\/site\/wp-content\/uploads\/2020\/08\/47806202-8741-49f2-a5c9-d2f930e5baa1-768x768.jpg 768w\" sizes=\"(max-width: 1080px) 100vw, 1080px\" class=\"no-lazyload\" width=\"1080\" height=\"1080\"  style=\"display: inline-block;\" \/><\/div>","protected":false},"excerpt":{"rendered":"<p>Los 3 nuevos casos se encontraban en estricto aislamiento porque eran contacto estrecho de otros positivos. El Gobierno de la provincia de<\/p>\n","protected":false},"author":4,"featured_media":6077,"comment_status":"closed","ping_status":"open","sticky":false,"template":"","format":"standard","meta":{"colormag_page_layout":"default_layout","footnotes":""},"categories":[2],"tags":[],"class_list":["post-6076","post","type-post","status-publish","format-standard","has-post-thumbnail","hentry","category-noticias"],"_links":{"self":[{"href":"https:\/\/oasisfm935.com.ar\/site\/wp-json\/wp\/v2\/posts\/6076","targetHints":{"allow":["GET"]}}],"collection":[{"href":"https:\/\/oasisfm935.com.ar\/site\/wp-json\/wp\/v2\/posts"}],"about":[{"href":"https:\/\/oasisfm935.com.ar\/site\/wp-json\/wp\/v2\/types\/post"}],"author":[{"embeddable":true,"href":"https:\/\/oasisfm935.com.ar\/site\/wp-json\/wp\/v2\/users\/4"}],"replies":[{"embeddable":true,"href":"https:\/\/oasisfm935.com.ar\/site\/wp-json\/wp\/v2\/comments?post=6076"}],"version-history":[{"count":1,"href":"https:\/\/oasisfm935.com.ar\/site\/wp-json\/wp\/v2\/posts\/6076\/revisions"}],"predecessor-version":[{"id":6078,"href":"https:\/\/oasisfm935.com.ar\/site\/wp-json\/wp\/v2\/posts\/6076\/revisions\/6078"}],"wp:featuredmedia":[{"embeddable":true,"href":"https:\/\/oasisfm935.com.ar\/site\/wp-json\/wp\/v2\/media\/6077"}],"wp:attachment":[{"href":"https:\/\/oasisfm935.com.ar\/site\/wp-json\/wp\/v2\/media?parent=6076"}],"wp:term":[{"taxonomy":"category","embeddable":true,"href":"https:\/\/oasisfm935.com.ar\/site\/wp-json\/wp\/v2\/categories?post=6076"},{"taxonomy":"post_tag","embeddable":true,"href":"https:\/\/oasisfm935.com.ar\/site\/wp-json\/wp\/v2\/tags?post=6076"}],"curies":[{"name":"wp","href":"https:\/\/api.w.org\/{rel}","templated":true}]}}