{"id":6091,"date":"2020-08-07T15:29:27","date_gmt":"2020-08-07T18:29:27","guid":{"rendered":"http:\/\/oasisfm935.com\/site\/?p=6091"},"modified":"2020-08-07T15:29:27","modified_gmt":"2020-08-07T18:29:27","slug":"la-pampa-eduardo-castex-fallecio-un-menor-y-salud-brindo-informacion","status":"publish","type":"post","link":"https:\/\/oasisfm935.com.ar\/site\/la-pampa-eduardo-castex-fallecio-un-menor-y-salud-brindo-informacion\/","title":{"rendered":"La Pampa Eduardo Castex: Falleci\u00f3 un menor y Salud brind\u00f3 informaci\u00f3n"},"content":{"rendered":"<p>Un ni\u00f1o de 14 a\u00f1os, oriundo de Eduardo Castex, muri\u00f3 en las \u00faltimas horas. Fue atendido en el Hospital de esa ciudad y luego trasladado a General Pico.\u00a0<strong>Cuando era derivado a Santa Rosa falleci\u00f3.<\/strong>\u00a0Por protocolo sanitario de la pandemia de coronavirus le\u00a0 hicieron un hisopado.<\/p>\n<p>Un ni\u00f1o de 14 a\u00f1os de Eduardo Castex falleci\u00f3 cuando era trasladado al hospital Lucio Molas de Santa Rosa desde General Pico. Seg\u00fan pudo conocer El Diario, el ni\u00f1o habr\u00eda fallecido por un problema en las v\u00edas respiratorias.<\/p>\n<p>A principios de esta semana, en el hospital de Castex le habr\u00edan diagnosticado bronquitis. Su estado de salud fue desmejorando por lo que se hizo necesaria la derivaci\u00f3n a centros de mayor complejidad. Primero al hospital Centeno de General Pico y luego al Molas de Santa Rosa.\u00a0 Por protocolo sanitario de la pandemia de Covid-19 le realizaron un hisopado.<\/p>\n<p>Este viernes a la tarde, el\u00a0Ministerio de Salud inform\u00f3\u00a0 que \u00abel paciente recibi\u00f3 atenci\u00f3n m\u00e9dica en las sucesivas consultas realizadas en forma ambulatoria y en compa\u00f1\u00eda de su madre\u00bb.<\/p>\n<p>\u00abEn el dia de ayer (por este jueves), el menor fue asistido nuevamente y por la evoluci\u00f3n del cuadro cl\u00ednico ingres\u00f3 al shock room de la guardia, donde se le realizaron estudios que involucraron laboratorio y electrocardiograma. Se realiz\u00f3 consulta remota a cardiolog\u00eda y tambi\u00e9n fue evaluado por pediatr\u00eda de la instituci\u00f3n. Se continu\u00f3 tratamiento para estabilizaci\u00f3n y derivaci\u00f3n al Establecimiento Asistencial Gobernador Centeno de Genera Pico. La misma se realiz\u00f3 en ambulancia de UTI acompa\u00f1ado por m\u00e9dico y enfermera. Estando en el nosocomio piquense se continuaron con estrategias de estabilizaci\u00f3n y se repitieron estudios complementarios correspondientes, incluido el hisopado indicado por protocolo\u00bb, detall\u00f3 Salud en un comunicado.<\/p>\n<p>\u00abDebido a la evoluci\u00f3n t\u00f3rpida del cuadro cl\u00ednico se decidi\u00f3 su traslado a Sala de Terapia Pedi\u00e1trica del Hospital Lucio Molas de Santa Rosa. Previo a su traslado present\u00f3 un paro cardiorrespiratorio. Se realizaron maniobras de reanimaci\u00f3n avanzadas, resultando las mismas infructuosas, const\u00e1ntandose el fallecimiento del menor. Una vez conocidos los resultados se continuar\u00e1n los eventuales estudios diagn\u00f3sticos que exijan los protocolos\u00bb, completaron.<\/p>\n<div class=\"oasis-despues-del-contenido\" id=\"oasis-3767880900\"><img loading=\"lazy\" decoding=\"async\" src=\"https:\/\/oasisfm935.com.ar\/site\/wp-content\/uploads\/2020\/08\/47806202-8741-49f2-a5c9-d2f930e5baa1.jpg\" alt=\"\"  srcset=\"https:\/\/oasisfm935.com.ar\/site\/wp-content\/uploads\/2020\/08\/47806202-8741-49f2-a5c9-d2f930e5baa1.jpg 1080w, https:\/\/oasisfm935.com.ar\/site\/wp-content\/uploads\/2020\/08\/47806202-8741-49f2-a5c9-d2f930e5baa1-300x300.jpg 300w, https:\/\/oasisfm935.com.ar\/site\/wp-content\/uploads\/2020\/08\/47806202-8741-49f2-a5c9-d2f930e5baa1-1024x1024.jpg 1024w, https:\/\/oasisfm935.com.ar\/site\/wp-content\/uploads\/2020\/08\/47806202-8741-49f2-a5c9-d2f930e5baa1-150x150.jpg 150w, https:\/\/oasisfm935.com.ar\/site\/wp-content\/uploads\/2020\/08\/47806202-8741-49f2-a5c9-d2f930e5baa1-768x768.jpg 768w\" sizes=\"(max-width: 1080px) 100vw, 1080px\" class=\"no-lazyload\" width=\"1080\" height=\"1080\"  style=\"display: inline-block;\" \/><\/div>","protected":false},"excerpt":{"rendered":"<p>Un ni\u00f1o de 14 a\u00f1os, oriundo de Eduardo Castex, muri\u00f3 en las \u00faltimas horas. Fue atendido en el Hospital de esa ciudad<\/p>\n","protected":false},"author":4,"featured_media":6092,"comment_status":"closed","ping_status":"open","sticky":false,"template":"","format":"standard","meta":{"colormag_page_layout":"default_layout","footnotes":""},"categories":[2],"tags":[],"class_list":["post-6091","post","type-post","status-publish","format-standard","has-post-thumbnail","hentry","category-noticias"],"_links":{"self":[{"href":"https:\/\/oasisfm935.com.ar\/site\/wp-json\/wp\/v2\/posts\/6091","targetHints":{"allow":["GET"]}}],"collection":[{"href":"https:\/\/oasisfm935.com.ar\/site\/wp-json\/wp\/v2\/posts"}],"about":[{"href":"https:\/\/oasisfm935.com.ar\/site\/wp-json\/wp\/v2\/types\/post"}],"author":[{"embeddable":true,"href":"https:\/\/oasisfm935.com.ar\/site\/wp-json\/wp\/v2\/users\/4"}],"replies":[{"embeddable":true,"href":"https:\/\/oasisfm935.com.ar\/site\/wp-json\/wp\/v2\/comments?post=6091"}],"version-history":[{"count":1,"href":"https:\/\/oasisfm935.com.ar\/site\/wp-json\/wp\/v2\/posts\/6091\/revisions"}],"predecessor-version":[{"id":6093,"href":"https:\/\/oasisfm935.com.ar\/site\/wp-json\/wp\/v2\/posts\/6091\/revisions\/6093"}],"wp:featuredmedia":[{"embeddable":true,"href":"https:\/\/oasisfm935.com.ar\/site\/wp-json\/wp\/v2\/media\/6092"}],"wp:attachment":[{"href":"https:\/\/oasisfm935.com.ar\/site\/wp-json\/wp\/v2\/media?parent=6091"}],"wp:term":[{"taxonomy":"category","embeddable":true,"href":"https:\/\/oasisfm935.com.ar\/site\/wp-json\/wp\/v2\/categories?post=6091"},{"taxonomy":"post_tag","embeddable":true,"href":"https:\/\/oasisfm935.com.ar\/site\/wp-json\/wp\/v2\/tags?post=6091"}],"curies":[{"name":"wp","href":"https:\/\/api.w.org\/{rel}","templated":true}]}}