{"id":6095,"date":"2020-08-07T16:07:28","date_gmt":"2020-08-07T19:07:28","guid":{"rendered":"http:\/\/oasisfm935.com\/site\/?p=6095"},"modified":"2020-08-07T16:07:28","modified_gmt":"2020-08-07T19:07:28","slug":"covid-19-en-la-pampa-salud-confirmo-2-casos-positivos-en-la-localidad-de-la-adela","status":"publish","type":"post","link":"https:\/\/oasisfm935.com.ar\/site\/covid-19-en-la-pampa-salud-confirmo-2-casos-positivos-en-la-localidad-de-la-adela\/","title":{"rendered":"COVID-19 en La Pampa: Salud confirm\u00f3 2 casos positivos en la localidad de La Adela"},"content":{"rendered":"<p>El Gobierno de la provincia de La Pampa informa que de 10 muestras analizadas en Laboratorio dos se han confirmado como nuevos casos de coronavirus, relacionados entre s\u00ed, en la localidad de La Adela. Las otras ocho muestras, de Santa Rosa, dieron negativo.<\/p>\n<p>Estas personas volvieron a la provincia de La Pampa luego de haber cursado una internaci\u00f3n prolongada en un nosocomio de la localidad de Bah\u00eda Blanca, hasta el momento del diagn\u00f3stico ambas han cumplido aislamiento estricto en la localidad pampeana.<\/p>\n<p>Se trata de un caso con antecedentes de viaje a \u00e1reas de circulaci\u00f3n viral, no obstante se est\u00e1 realizando la investigaci\u00f3n epidemiol\u00f3gica oportuna del caso, sus contactos, y tomando las medidas de aislamiento y control respectivas.<\/p>\n<p>Recomendaciones para el control de la enfermedad:<br \/>\n\u2022\u00a0\u00a0\u00a0\u00a0\u00a0\u00a0\u00a0\u00a0\u00a0 Mantener el distanciamiento social de 2 metros<br \/>\n\u2022\u00a0\u00a0\u00a0\u00a0\u00a0\u00a0\u00a0\u00a0\u00a0 Higienizarse frecuentemente las manos (agua y jab\u00f3n o alcohol en gel)<br \/>\n\u2022\u00a0\u00a0\u00a0\u00a0\u00a0\u00a0\u00a0\u00a0\u00a0 Usar cubreboca-nariz cada vez que salga de su casa<br \/>\n\u2022\u00a0\u00a0\u00a0\u00a0\u00a0\u00a0\u00a0\u00a0\u00a0 No compartir mate ni otros utensilios<br \/>\n\u2022\u00a0\u00a0\u00a0\u00a0\u00a0\u00a0\u00a0\u00a0\u00a0 Saludarse evitando el contacto f\u00edsico<br \/>\n\u2022\u00a0\u00a0\u00a0\u00a0\u00a0\u00a0\u00a0\u00a0\u00a0 Si presenta s\u00edntomas compatibles con la enfermedad: dolor de garganta, tos, fiebre, dificultad para respirar, alteraci\u00f3n del gusto o del olfato llamar a su m\u00e9dico de cabecera o centro de salud de referencia para coordinar la atenci\u00f3n<\/p>\n<p>Frente a s\u00edntomas, aunque sean leves, no concurrir a su trabajo y evitar contacto con otras personas.<\/p>\n<div class=\"oasis-despues-del-contenido\" id=\"oasis-932950514\"><img loading=\"lazy\" decoding=\"async\" src=\"https:\/\/oasisfm935.com.ar\/site\/wp-content\/uploads\/2020\/08\/47806202-8741-49f2-a5c9-d2f930e5baa1.jpg\" alt=\"\"  srcset=\"https:\/\/oasisfm935.com.ar\/site\/wp-content\/uploads\/2020\/08\/47806202-8741-49f2-a5c9-d2f930e5baa1.jpg 1080w, https:\/\/oasisfm935.com.ar\/site\/wp-content\/uploads\/2020\/08\/47806202-8741-49f2-a5c9-d2f930e5baa1-300x300.jpg 300w, https:\/\/oasisfm935.com.ar\/site\/wp-content\/uploads\/2020\/08\/47806202-8741-49f2-a5c9-d2f930e5baa1-1024x1024.jpg 1024w, https:\/\/oasisfm935.com.ar\/site\/wp-content\/uploads\/2020\/08\/47806202-8741-49f2-a5c9-d2f930e5baa1-150x150.jpg 150w, https:\/\/oasisfm935.com.ar\/site\/wp-content\/uploads\/2020\/08\/47806202-8741-49f2-a5c9-d2f930e5baa1-768x768.jpg 768w\" sizes=\"(max-width: 1080px) 100vw, 1080px\" class=\"no-lazyload\" width=\"1080\" height=\"1080\"  style=\"display: inline-block;\" \/><\/div>","protected":false},"excerpt":{"rendered":"<p>El Gobierno de la provincia de La Pampa informa que de 10 muestras analizadas en Laboratorio dos se han confirmado como nuevos<\/p>\n","protected":false},"author":4,"featured_media":6096,"comment_status":"closed","ping_status":"open","sticky":false,"template":"","format":"standard","meta":{"colormag_page_layout":"default_layout","footnotes":""},"categories":[2],"tags":[],"class_list":["post-6095","post","type-post","status-publish","format-standard","has-post-thumbnail","hentry","category-noticias"],"_links":{"self":[{"href":"https:\/\/oasisfm935.com.ar\/site\/wp-json\/wp\/v2\/posts\/6095","targetHints":{"allow":["GET"]}}],"collection":[{"href":"https:\/\/oasisfm935.com.ar\/site\/wp-json\/wp\/v2\/posts"}],"about":[{"href":"https:\/\/oasisfm935.com.ar\/site\/wp-json\/wp\/v2\/types\/post"}],"author":[{"embeddable":true,"href":"https:\/\/oasisfm935.com.ar\/site\/wp-json\/wp\/v2\/users\/4"}],"replies":[{"embeddable":true,"href":"https:\/\/oasisfm935.com.ar\/site\/wp-json\/wp\/v2\/comments?post=6095"}],"version-history":[{"count":1,"href":"https:\/\/oasisfm935.com.ar\/site\/wp-json\/wp\/v2\/posts\/6095\/revisions"}],"predecessor-version":[{"id":6097,"href":"https:\/\/oasisfm935.com.ar\/site\/wp-json\/wp\/v2\/posts\/6095\/revisions\/6097"}],"wp:featuredmedia":[{"embeddable":true,"href":"https:\/\/oasisfm935.com.ar\/site\/wp-json\/wp\/v2\/media\/6096"}],"wp:attachment":[{"href":"https:\/\/oasisfm935.com.ar\/site\/wp-json\/wp\/v2\/media?parent=6095"}],"wp:term":[{"taxonomy":"category","embeddable":true,"href":"https:\/\/oasisfm935.com.ar\/site\/wp-json\/wp\/v2\/categories?post=6095"},{"taxonomy":"post_tag","embeddable":true,"href":"https:\/\/oasisfm935.com.ar\/site\/wp-json\/wp\/v2\/tags?post=6095"}],"curies":[{"name":"wp","href":"https:\/\/api.w.org\/{rel}","templated":true}]}}