{"id":6098,"date":"2020-08-07T20:36:52","date_gmt":"2020-08-07T23:36:52","guid":{"rendered":"http:\/\/oasisfm935.com\/site\/?p=6098"},"modified":"2020-08-07T20:36:52","modified_gmt":"2020-08-07T23:36:52","slug":"la-pampa-covid-19-detectan-dos-nuevos-casos-de-coronavirus-en-general-pico","status":"publish","type":"post","link":"https:\/\/oasisfm935.com.ar\/site\/la-pampa-covid-19-detectan-dos-nuevos-casos-de-coronavirus-en-general-pico\/","title":{"rendered":"La Pampa COVID-19: Detectan dos nuevos casos de Coronavirus en General Pico"},"content":{"rendered":"<p>Desde el Gobierno de la provincia de La Pampa, a trav\u00e9s del Ministerio de Salud se comunica que en horas de la tarde, de un total de 27 muestras analizadas dos personas residentes en General Pico resultaron positivas para COVID-19.<\/p>\n<p>Ambos casos confirmados se encontraban en aislamiento estricto d\u00edas previos al diagn\u00f3stico.<\/p>\n<p>En el d\u00eda de hoy se han recuperado un total 7 personas, 2 residentes en Catril\u00f3, 1 de General Acha, 1 de Villa Mirasol y 3 de Santa Rosa.<\/p>\n<p>En total, en la provincia de La Pampa se han confirmado -desde el inicio de la pandemia- 176 casos para COVID-19, de los cuales 35 est\u00e1n recuperados y 141 permanecen activos.<\/p>\n<p>Estos \u00faltimos est\u00e1n distribuidos de la siguiente manera: 45 en la ciudad de Santa Rosa, 4 en General Acha, 54 en Catril\u00f3, 22 en General Pico, 6 en Macach\u00edn, 3 en Embajador Martini, 1 en Santa Isabel, 2 en Toay, 1 Guatrach\u00e9, 1 en Alta Italia y 2 La Adela.<\/p>\n<p>Los contactos estrechos de los casos confirmados se encuentran estrictamente aislados y est\u00e1n distribuidos en las localidades de General Acha, Macach\u00edn, Santa Rosa, Toay, Lonquimay, Anguil, Relmo, Santa Isabel, Intendente Alvear, Catril\u00f3, Alta Italia, General Pico, Quehu\u00e9 y Guatrach\u00e9.<\/p>\n<p><strong>Internados<\/strong><\/p>\n<p>Al d\u00eda de la fecha en la Provincia de la Pampa se encuentran internadas un total de 9 personas confirmadas para COVID-19. En General Pico 5 personas internadas en el Hospital Gobernador Centeno, de las cuales 4 permanecen con estado moderado y 1 persona en estado grave.<\/p>\n<p>En el Centro Emergente de Asistencia Respiratoria de la ciudad de Santa Rosa se encuentran internadas 4 personas, de las cuales 2 est\u00e1n con estado moderado y 2 contin\u00faan en estado grave en terapia intensiva.<\/p>\n<p><strong>Eduardo Castex<\/strong><\/p>\n<p>Respecto del resultado para COVID-19 del ni\u00f1o residente en Eduardo Castex fallecido ayer por la noche, se informa que result\u00f3 negativo.<\/p>\n<div class=\"oasis-despues-del-contenido\" id=\"oasis-1408004339\"><img loading=\"lazy\" decoding=\"async\" src=\"https:\/\/oasisfm935.com.ar\/site\/wp-content\/uploads\/2020\/08\/47806202-8741-49f2-a5c9-d2f930e5baa1.jpg\" alt=\"\"  srcset=\"https:\/\/oasisfm935.com.ar\/site\/wp-content\/uploads\/2020\/08\/47806202-8741-49f2-a5c9-d2f930e5baa1.jpg 1080w, https:\/\/oasisfm935.com.ar\/site\/wp-content\/uploads\/2020\/08\/47806202-8741-49f2-a5c9-d2f930e5baa1-300x300.jpg 300w, https:\/\/oasisfm935.com.ar\/site\/wp-content\/uploads\/2020\/08\/47806202-8741-49f2-a5c9-d2f930e5baa1-1024x1024.jpg 1024w, https:\/\/oasisfm935.com.ar\/site\/wp-content\/uploads\/2020\/08\/47806202-8741-49f2-a5c9-d2f930e5baa1-150x150.jpg 150w, https:\/\/oasisfm935.com.ar\/site\/wp-content\/uploads\/2020\/08\/47806202-8741-49f2-a5c9-d2f930e5baa1-768x768.jpg 768w\" sizes=\"(max-width: 1080px) 100vw, 1080px\" class=\"no-lazyload\" width=\"1080\" height=\"1080\"  style=\"display: inline-block;\" \/><\/div>","protected":false},"excerpt":{"rendered":"<p>Desde el Gobierno de la provincia de La Pampa, a trav\u00e9s del Ministerio de Salud se comunica que en horas de la<\/p>\n","protected":false},"author":4,"featured_media":6099,"comment_status":"closed","ping_status":"open","sticky":false,"template":"","format":"standard","meta":{"colormag_page_layout":"default_layout","footnotes":""},"categories":[2],"tags":[],"class_list":["post-6098","post","type-post","status-publish","format-standard","has-post-thumbnail","hentry","category-noticias"],"_links":{"self":[{"href":"https:\/\/oasisfm935.com.ar\/site\/wp-json\/wp\/v2\/posts\/6098","targetHints":{"allow":["GET"]}}],"collection":[{"href":"https:\/\/oasisfm935.com.ar\/site\/wp-json\/wp\/v2\/posts"}],"about":[{"href":"https:\/\/oasisfm935.com.ar\/site\/wp-json\/wp\/v2\/types\/post"}],"author":[{"embeddable":true,"href":"https:\/\/oasisfm935.com.ar\/site\/wp-json\/wp\/v2\/users\/4"}],"replies":[{"embeddable":true,"href":"https:\/\/oasisfm935.com.ar\/site\/wp-json\/wp\/v2\/comments?post=6098"}],"version-history":[{"count":1,"href":"https:\/\/oasisfm935.com.ar\/site\/wp-json\/wp\/v2\/posts\/6098\/revisions"}],"predecessor-version":[{"id":6100,"href":"https:\/\/oasisfm935.com.ar\/site\/wp-json\/wp\/v2\/posts\/6098\/revisions\/6100"}],"wp:featuredmedia":[{"embeddable":true,"href":"https:\/\/oasisfm935.com.ar\/site\/wp-json\/wp\/v2\/media\/6099"}],"wp:attachment":[{"href":"https:\/\/oasisfm935.com.ar\/site\/wp-json\/wp\/v2\/media?parent=6098"}],"wp:term":[{"taxonomy":"category","embeddable":true,"href":"https:\/\/oasisfm935.com.ar\/site\/wp-json\/wp\/v2\/categories?post=6098"},{"taxonomy":"post_tag","embeddable":true,"href":"https:\/\/oasisfm935.com.ar\/site\/wp-json\/wp\/v2\/tags?post=6098"}],"curies":[{"name":"wp","href":"https:\/\/api.w.org\/{rel}","templated":true}]}}