{"id":6104,"date":"2020-08-08T09:36:30","date_gmt":"2020-08-08T12:36:30","guid":{"rendered":"http:\/\/oasisfm935.com\/site\/?p=6104"},"modified":"2020-08-08T09:36:30","modified_gmt":"2020-08-08T12:36:30","slug":"otorgan-un-subsidio-de-15-000-pesos-a-familiares-de-fallecidos-por-coronavirus","status":"publish","type":"post","link":"https:\/\/oasisfm935.com.ar\/site\/otorgan-un-subsidio-de-15-000-pesos-a-familiares-de-fallecidos-por-coronavirus\/","title":{"rendered":"Otorgan un subsidio de 15.000 pesos a familiares de fallecidos por coronavirus"},"content":{"rendered":"<p>El Gobierno nacional extendi\u00f3 hoy el subsidio de contenci\u00f3n familiar que rige desde 2006 a los familiares de aquellas personas que hubieran fallecido a causa de coronavirus y que, al momento de su muerte, se encontraban desocupadas, en la econom\u00eda informal o fueran monotributistas en algunas categor\u00edas. As\u00ed lo estableci\u00f3 el\u00a0<a href=\"https:\/\/www.boletinoficial.gob.ar\/detalleAviso\/primera\/233268\/20200808?busqueda=2\" target=\"_blank\" rel=\"noreferrer noopener\">decreto 655\/2020<\/a>\u00a0publicado hoy en el Bolet\u00edn Oficial, que lleva la firma del presidente Alberto Fern\u00e1ndez; del jefe de Gabinete, Santiago Cafiero; y del ministro de Trabajo, Claudio Moroni.<\/p>\n<p>La norma, que fija el monto en 15.000 pesos, ampl\u00eda el subsidio creado en 2006 a los familiares de las personas fallecidas por Covid-19 que, al momento de su muerte \u00abse encontraban desocupadas; o se desempe\u00f1aban en la econom\u00eda informal; o se encontraban inscriptas en las categor\u00edas \u201cA\u201d y \u201cB\u201d del R\u00e9gimen Simplificado para Peque\u00f1os Contribuyentes\u00bb.<\/p>\n<p>Abarca tambi\u00e9n a los familiares de los fallecidos que se encontraban inscritos en el R\u00e9gimen de Inclusi\u00f3n Social y Promoci\u00f3n del Trabajo Independiente.<\/p>\n<p>Tambi\u00e9n ser\u00e1n alcanzados los familiares de fallecidos que hayan sido trabajadores declarados en el R\u00e9gimen Especial de Contrato de Trabajo para el Personal de Casas Particulares, a los que eran titulares de la Asignaci\u00f3n por Embarazo para Protecci\u00f3n Social; y eran titulares de la Asignaci\u00f3n Universal por Hijo para Protecci\u00f3n Social, y a ni\u00f1os y adolescentes y personas mayores de edad con discapacidad.<\/p>\n<p>El beneficio ya exist\u00eda para en el caso de los veteranos de Malvinas y para determinados beneficiarios del R\u00e9gimen Nacional de Previsi\u00f3n.<\/p>\n<p>El subsidio se abonar\u00e1 al c\u00f3nyuge o al conviviente, al padre o a la madre o alguna de sus madres o alguno de sus padres, o al hijo o a la hija del fallecido.<\/p>\n<p>El decreto precisa que se har\u00e1 efectivo siempre que el o la solicitante denuncie el fallecimiento y acredite haber sufragado los gastos del sepelio con la presentaci\u00f3n de la factura extendida a su nombre por la empresa funeraria que realiz\u00f3 el servicio.<\/p>\n<p>En los considerandos, el decreto se\u00f1ala que \u00ablos familiares de los fallecidos y las fallecidas por COVID-19 atraviesan sus p\u00e9rdidas con la imposibilidad de acompa\u00f1arse debido al aislamiento social, preventivo y obligatorio\u00bb.<\/p>\n<p>Indica adem\u00e1s que la decisi\u00f3n se toma \u00abcon el objetivo de acompa\u00f1ar y cuidar a los sectores m\u00e1s vulnerables y necesitados de la sociedad, corresponde incluir en el pago del Subsidio de Contenci\u00f3n Familiar a los familiares de aquellas personas que hubieran fallecido a causa del COVID-19\u00bb.<\/p>\n<div class=\"oasis-despues-del-contenido\" id=\"oasis-328772617\"><img loading=\"lazy\" decoding=\"async\" src=\"https:\/\/oasisfm935.com.ar\/site\/wp-content\/uploads\/2020\/08\/47806202-8741-49f2-a5c9-d2f930e5baa1.jpg\" alt=\"\"  srcset=\"https:\/\/oasisfm935.com.ar\/site\/wp-content\/uploads\/2020\/08\/47806202-8741-49f2-a5c9-d2f930e5baa1.jpg 1080w, https:\/\/oasisfm935.com.ar\/site\/wp-content\/uploads\/2020\/08\/47806202-8741-49f2-a5c9-d2f930e5baa1-300x300.jpg 300w, https:\/\/oasisfm935.com.ar\/site\/wp-content\/uploads\/2020\/08\/47806202-8741-49f2-a5c9-d2f930e5baa1-1024x1024.jpg 1024w, https:\/\/oasisfm935.com.ar\/site\/wp-content\/uploads\/2020\/08\/47806202-8741-49f2-a5c9-d2f930e5baa1-150x150.jpg 150w, https:\/\/oasisfm935.com.ar\/site\/wp-content\/uploads\/2020\/08\/47806202-8741-49f2-a5c9-d2f930e5baa1-768x768.jpg 768w\" sizes=\"(max-width: 1080px) 100vw, 1080px\" class=\"no-lazyload\" width=\"1080\" height=\"1080\"  style=\"display: inline-block;\" \/><\/div>","protected":false},"excerpt":{"rendered":"<p>El Gobierno nacional extendi\u00f3 hoy el subsidio de contenci\u00f3n familiar que rige desde 2006 a los familiares de aquellas personas que hubieran<\/p>\n","protected":false},"author":4,"featured_media":6105,"comment_status":"closed","ping_status":"open","sticky":false,"template":"","format":"standard","meta":{"colormag_page_layout":"default_layout","footnotes":""},"categories":[2],"tags":[],"class_list":["post-6104","post","type-post","status-publish","format-standard","has-post-thumbnail","hentry","category-noticias"],"_links":{"self":[{"href":"https:\/\/oasisfm935.com.ar\/site\/wp-json\/wp\/v2\/posts\/6104","targetHints":{"allow":["GET"]}}],"collection":[{"href":"https:\/\/oasisfm935.com.ar\/site\/wp-json\/wp\/v2\/posts"}],"about":[{"href":"https:\/\/oasisfm935.com.ar\/site\/wp-json\/wp\/v2\/types\/post"}],"author":[{"embeddable":true,"href":"https:\/\/oasisfm935.com.ar\/site\/wp-json\/wp\/v2\/users\/4"}],"replies":[{"embeddable":true,"href":"https:\/\/oasisfm935.com.ar\/site\/wp-json\/wp\/v2\/comments?post=6104"}],"version-history":[{"count":1,"href":"https:\/\/oasisfm935.com.ar\/site\/wp-json\/wp\/v2\/posts\/6104\/revisions"}],"predecessor-version":[{"id":6106,"href":"https:\/\/oasisfm935.com.ar\/site\/wp-json\/wp\/v2\/posts\/6104\/revisions\/6106"}],"wp:featuredmedia":[{"embeddable":true,"href":"https:\/\/oasisfm935.com.ar\/site\/wp-json\/wp\/v2\/media\/6105"}],"wp:attachment":[{"href":"https:\/\/oasisfm935.com.ar\/site\/wp-json\/wp\/v2\/media?parent=6104"}],"wp:term":[{"taxonomy":"category","embeddable":true,"href":"https:\/\/oasisfm935.com.ar\/site\/wp-json\/wp\/v2\/categories?post=6104"},{"taxonomy":"post_tag","embeddable":true,"href":"https:\/\/oasisfm935.com.ar\/site\/wp-json\/wp\/v2\/tags?post=6104"}],"curies":[{"name":"wp","href":"https:\/\/api.w.org\/{rel}","templated":true}]}}